{"id":7616,"date":"2021-08-04T14:08:15","date_gmt":"2021-08-04T12:08:15","guid":{"rendered":"https:\/\/oderbruchmuseum.de\/?p=7616"},"modified":"2023-05-04T14:42:27","modified_gmt":"2023-05-04T12:42:27","slug":"stilles-gedenken-an-die-juedische-gemeinden-im-oderbruch","status":"publish","type":"post","link":"https:\/\/oderbruchmuseum.de\/pl\/stilles-gedenken-an-die-juedische-gemeinden-im-oderbruch\/","title":{"rendered":"Maki z nadrukiem z gliny"},"content":{"rendered":"<figure class=\"wp-block-image size-large\"><img loading=\"lazy\" decoding=\"async\" width=\"800\" height=\"520\" data-attachment-id=\"7619\" data-permalink=\"https:\/\/oderbruchmuseum.de\/pl\/stilles-gedenken-an-die-juedische-gemeinden-im-oderbruch\/juedisches-gedenken-keramik_wirth\/\" data-orig-file=\"https:\/\/oderbruchmuseum.de\/wp-content\/uploads\/2021\/08\/Juedisches-Gedenken-Keramik_Wirth.jpg\" data-orig-size=\"800,520\" data-comments-opened=\"0\" data-image-meta=\"{&quot;aperture&quot;:&quot;0&quot;,&quot;credit&quot;:&quot;&quot;,&quot;camera&quot;:&quot;&quot;,&quot;caption&quot;:&quot;&quot;,&quot;created_timestamp&quot;:&quot;0&quot;,&quot;copyright&quot;:&quot;&quot;,&quot;focal_length&quot;:&quot;0&quot;,&quot;iso&quot;:&quot;0&quot;,&quot;shutter_speed&quot;:&quot;0&quot;,&quot;title&quot;:&quot;&quot;,&quot;orientation&quot;:&quot;0&quot;}\" data-image-title=\"Juedisches-Gedenken-Keramik_Wirth\" data-image-description=\"\" data-image-caption=\"&lt;p&gt;Karola Wirth geht dem Eigensinn j\u00fcdischer Kultur im Oderbruch nach.&lt;\/p&gt;\" data-large-file=\"https:\/\/oderbruchmuseum.de\/wp-content\/uploads\/2021\/08\/Juedisches-Gedenken-Keramik_Wirth.jpg\" src=\"https:\/\/oderbruchmuseum.de\/wp-content\/uploads\/2021\/08\/Juedisches-Gedenken-Keramik_Wirth.jpg\" alt=\"Lehmdruck Mohnbl\u00fcten\" class=\"wp-image-7619\" srcset=\"https:\/\/oderbruchmuseum.de\/wp-content\/uploads\/2021\/08\/Juedisches-Gedenken-Keramik_Wirth.jpg 800w, https:\/\/oderbruchmuseum.de\/wp-content\/uploads\/2021\/08\/Juedisches-Gedenken-Keramik_Wirth-300x195.jpg 300w, https:\/\/oderbruchmuseum.de\/wp-content\/uploads\/2021\/08\/Juedisches-Gedenken-Keramik_Wirth-768x499.jpg 768w\" sizes=\"auto, (max-width: 800px) 100vw, 800px\" \/><figcaption class=\"wp-element-caption\"> Fot. Karola Wirth<\/figcaption><\/figure>\n\n\n\n<h2 class=\"wp-block-heading\"><strong>Ciche upami\u0119tnienie spo\u0142eczno\u015bci \u017cydowskich w regionie Oderbruch<\/strong><\/h2>\n\n\n\n<p>Delikatne motywy kwitn\u0105cych i zamkni\u0119tych ro\u015blin makowych mo\u017cna znale\u017a\u0107 na niekt\u00f3rych nagrobkach na cmentarzach \u017cydowskich w Gro\u00df Neuendorf i Wriezen.<\/p>\n\n\n\n<p>We wsp\u00f3\u0142pracy z Dziedzictwem Cmentarza \u017bydowskiego w Gro\u00df Neuendorf, ceramiczka Karola Wirth starannie odcisn\u0119\u0142a r\u0119cznie dwa z tych motyw\u00f3w z nagrobk\u00f3w za pomoc\u0105 gliny i wykona\u0142a z nich ceramiczne tablice. Ka\u017cda z tych unikalnych tablic ma by\u0107 okazj\u0105 do upami\u0119tnienia kultury \u017cydowskiej. Co zosta\u0142o utracone w Oderbruchu wraz z wyp\u0119dzeniem i wymordowaniem ludzi wyznania moj\u017ceszowego oraz utrat\u0105 kultury \u017cydowskiej? Jakich impuls\u00f3w brakuje w \u017cyciu publicznym? To s\u0105 pytania, kt\u00f3re warto zbada\u0107.<\/p>\n\n\n\n<p>W ma\u0142ym li\u015bcie towarzysz\u0105cym tablicy Karola Wirth pisze: \"Te przyk\u0142adowe odbitki reliefowe zosta\u0142y wykonane z nagrobk\u00f3w cmentarza \u017cydowskiego w Gro\u00df Neuendorf. W Oderbruchu znajduj\u0105 si\u0119 r\u00f3wnie\u017c cmentarze \u017cydowskie w Wriezen, Oderberg i Bad Freienwalde. Spoczywaj\u0105 one we wdzi\u0119cznej ciszy, s\u0105 \u015bwiadectwem dawno wymar\u0142ej tu kultury, osadzonej po\u015br\u00f3d nas. Niekonwencjonalne miejsca, kt\u00f3re zapewniaj\u0105 przestrze\u0144 do zatrzymania si\u0119 i daj\u0105 szans\u0119 na dostrze\u017cenie przesz\u0142o\u015bci i utraconej przysz\u0142o\u015bci danej kultury. Ale tak\u017ce z potencja\u0142em wyzwolenia historii z zapomnienia i odkrycia jej na nowo. Py\u0142 czasu ju\u017c dawno spocz\u0105\u0142 na napisach i ornamentach jak patyna na delikatnym mchu. Dlatego tym bardziej cieszy fakt, \u017ce podmioty takie jak muzea czy arty\u015bci przeciwdzia\u0142aj\u0105 temu znacznemu zapomnieniu za pomoc\u0105 r\u00f3\u017cnych projekt\u00f3w i wykorzystuj\u0105 to dziedzictwo do pobudzenia \u017cywej debaty spo\u0142ecznej. Jednocze\u015bnie jest to sygna\u0142 przeciwko dzisiejszej polaryzacji politycznej.<\/p>\n\n\n\n<p>Karola Wirth wykona\u0142a 50 tabliczek, po 25 z motywem zamkni\u0119tego kwiatu maku i 25 z motywem otwartego kwiatu maku. 9 listopada we Wriezen, z okazji upami\u0119tnienia ofiar narodowosocjalistycznych pogrom\u00f3w w \"Noc Rzeszy\" 1937 roku, cz\u0119\u015b\u0107 tabliczek zosta\u0142a przekazana pani Rindfleisch, kt\u00f3ra opiekuje si\u0119 obiektem dziedzictwa kulturowego Cmentarz \u017bydowski Gro\u00df Neuendorf, parafi\u0105 ewangelick\u0105 i miastem Wriezen.<\/p>\n\n\n\n<p>Tabliczki zostan\u0105 przekazane do zbior\u00f3w w miejscach dziedzictwa kulturowego oraz odpowiednim podmiotom w miejscach, gdzie dzia\u0142a\u0142a spo\u0142eczno\u015b\u0107 \u017cydowska, przede wszystkim w Wriezen, Gro\u00df Neuendorf, Bad Freienwalde i Oderberg.<\/p>\n\n\n\n<p><\/p>","protected":false},"excerpt":{"rendered":"<p>Karola Wirth bada up\u00f3r kultury \u017cydowskiej w Oderbruchu.<\/p>","protected":false},"author":1,"featured_media":7619,"comment_status":"closed","ping_status":"closed","sticky":false,"template":"","format":"standard","meta":{"inline_featured_image":false,"_jetpack_memberships_contains_paid_content":false,"footnotes":""},"categories":[126,131],"tags":[],"class_list":["post-7616","post","type-post","status-publish","format-standard","has-post-thumbnail","hentry","category-archiv-partnerprojekte","category-partnerprojekte2021"],"yoast_head":"<!-- This site is optimized with the Yoast SEO plugin v27.5 - https:\/\/yoast.com\/product\/yoast-seo-wordpress\/ -->\n<title>Lehmdruck Mohnbl\u00fcten - Oderbruch Museum Altranft<\/title>\n<meta name=\"robots\" content=\"index, follow, max-snippet:-1, max-image-preview:large, max-video-preview:-1\" \/>\n<link rel=\"canonical\" href=\"https:\/\/oderbruchmuseum.de\/pl\/stilles-gedenken-an-die-juedische-gemeinden-im-oderbruch\/\" \/>\n<meta property=\"og:locale\" content=\"pl_PL\" \/>\n<meta property=\"og:type\" content=\"article\" \/>\n<meta property=\"og:title\" content=\"Lehmdruck Mohnbl\u00fcten - Oderbruch Museum Altranft\" \/>\n<meta property=\"og:description\" content=\"Karola Wirth geht dem Eigensinn j\u00fcdischer Kultur im Oderbruch nach.\" \/>\n<meta property=\"og:url\" content=\"https:\/\/oderbruchmuseum.de\/pl\/stilles-gedenken-an-die-juedische-gemeinden-im-oderbruch\/\" \/>\n<meta property=\"og:site_name\" content=\"Oderbruch Museum Altranft\" \/>\n<meta property=\"article:publisher\" content=\"https:\/\/www.facebook.com\/oderbruchmuseum\/\" \/>\n<meta property=\"article:published_time\" content=\"2021-08-04T12:08:15+00:00\" \/>\n<meta property=\"article:modified_time\" content=\"2023-05-04T12:42:27+00:00\" \/>\n<meta property=\"og:image\" content=\"https:\/\/oderbruchmuseum.de\/wp-content\/uploads\/2021\/08\/Juedisches-Gedenken-Keramik_Wirth.jpg\" \/>\n\t<meta property=\"og:image:width\" content=\"800\" \/>\n\t<meta property=\"og:image:height\" content=\"520\" \/>\n\t<meta property=\"og:image:type\" content=\"image\/jpeg\" \/>\n<meta name=\"author\" content=\"oderbruchmuseum\" \/>\n<meta name=\"twitter:card\" content=\"summary_large_image\" \/>\n<meta name=\"twitter:label1\" content=\"Napisane przez\" \/>\n\t<meta name=\"twitter:data1\" content=\"oderbruchmuseum\" \/>\n\t<meta name=\"twitter:label2\" content=\"Szacowany czas czytania\" \/>\n\t<meta name=\"twitter:data2\" content=\"3 minuty\" \/>\n<script type=\"application\/ld+json\" class=\"yoast-schema-graph\">{\"@context\":\"https:\\\/\\\/schema.org\",\"@graph\":[{\"@type\":\"Article\",\"@id\":\"https:\\\/\\\/oderbruchmuseum.de\\\/stilles-gedenken-an-die-juedische-gemeinden-im-oderbruch\\\/#article\",\"isPartOf\":{\"@id\":\"https:\\\/\\\/oderbruchmuseum.de\\\/stilles-gedenken-an-die-juedische-gemeinden-im-oderbruch\\\/\"},\"author\":{\"name\":\"oderbruchmuseum\",\"@id\":\"https:\\\/\\\/oderbruchmuseum.de\\\/#\\\/schema\\\/person\\\/93512e3f164d102fa56fa4f3be852903\"},\"headline\":\"Lehmdruck Mohnbl\u00fcten\",\"datePublished\":\"2021-08-04T12:08:15+00:00\",\"dateModified\":\"2023-05-04T12:42:27+00:00\",\"mainEntityOfPage\":{\"@id\":\"https:\\\/\\\/oderbruchmuseum.de\\\/stilles-gedenken-an-die-juedische-gemeinden-im-oderbruch\\\/\"},\"wordCount\":361,\"publisher\":{\"@id\":\"https:\\\/\\\/oderbruchmuseum.de\\\/#organization\"},\"image\":{\"@id\":\"https:\\\/\\\/oderbruchmuseum.de\\\/stilles-gedenken-an-die-juedische-gemeinden-im-oderbruch\\\/#primaryimage\"},\"thumbnailUrl\":\"https:\\\/\\\/oderbruchmuseum.de\\\/wp-content\\\/uploads\\\/2021\\\/08\\\/Juedisches-Gedenken-Keramik_Wirth.jpg\",\"articleSection\":[\"Partnerprojekte-Archiv\",\"Partnerprojekte2021\"],\"inLanguage\":\"pl-PL\"},{\"@type\":\"WebPage\",\"@id\":\"https:\\\/\\\/oderbruchmuseum.de\\\/stilles-gedenken-an-die-juedische-gemeinden-im-oderbruch\\\/\",\"url\":\"https:\\\/\\\/oderbruchmuseum.de\\\/stilles-gedenken-an-die-juedische-gemeinden-im-oderbruch\\\/\",\"name\":\"Lehmdruck Mohnbl\u00fcten - Oderbruch Museum Altranft\",\"isPartOf\":{\"@id\":\"https:\\\/\\\/oderbruchmuseum.de\\\/#website\"},\"primaryImageOfPage\":{\"@id\":\"https:\\\/\\\/oderbruchmuseum.de\\\/stilles-gedenken-an-die-juedische-gemeinden-im-oderbruch\\\/#primaryimage\"},\"image\":{\"@id\":\"https:\\\/\\\/oderbruchmuseum.de\\\/stilles-gedenken-an-die-juedische-gemeinden-im-oderbruch\\\/#primaryimage\"},\"thumbnailUrl\":\"https:\\\/\\\/oderbruchmuseum.de\\\/wp-content\\\/uploads\\\/2021\\\/08\\\/Juedisches-Gedenken-Keramik_Wirth.jpg\",\"datePublished\":\"2021-08-04T12:08:15+00:00\",\"dateModified\":\"2023-05-04T12:42:27+00:00\",\"breadcrumb\":{\"@id\":\"https:\\\/\\\/oderbruchmuseum.de\\\/stilles-gedenken-an-die-juedische-gemeinden-im-oderbruch\\\/#breadcrumb\"},\"inLanguage\":\"pl-PL\",\"potentialAction\":[{\"@type\":\"ReadAction\",\"target\":[\"https:\\\/\\\/oderbruchmuseum.de\\\/stilles-gedenken-an-die-juedische-gemeinden-im-oderbruch\\\/\"]}]},{\"@type\":\"ImageObject\",\"inLanguage\":\"pl-PL\",\"@id\":\"https:\\\/\\\/oderbruchmuseum.de\\\/stilles-gedenken-an-die-juedische-gemeinden-im-oderbruch\\\/#primaryimage\",\"url\":\"https:\\\/\\\/oderbruchmuseum.de\\\/wp-content\\\/uploads\\\/2021\\\/08\\\/Juedisches-Gedenken-Keramik_Wirth.jpg\",\"contentUrl\":\"https:\\\/\\\/oderbruchmuseum.de\\\/wp-content\\\/uploads\\\/2021\\\/08\\\/Juedisches-Gedenken-Keramik_Wirth.jpg\",\"width\":800,\"height\":520,\"caption\":\"Karola Wirth geht dem Eigensinn j\u00fcdischer Kultur im Oderbruch nach.\"},{\"@type\":\"BreadcrumbList\",\"@id\":\"https:\\\/\\\/oderbruchmuseum.de\\\/stilles-gedenken-an-die-juedische-gemeinden-im-oderbruch\\\/#breadcrumb\",\"itemListElement\":[{\"@type\":\"ListItem\",\"position\":1,\"name\":\"Startseite\",\"item\":\"https:\\\/\\\/oderbruchmuseum.de\\\/\"},{\"@type\":\"ListItem\",\"position\":2,\"name\":\"Lehmdruck Mohnbl\u00fcten\"}]},{\"@type\":\"WebSite\",\"@id\":\"https:\\\/\\\/oderbruchmuseum.de\\\/#website\",\"url\":\"https:\\\/\\\/oderbruchmuseum.de\\\/\",\"name\":\"Oderbruchmuseum Altranft\",\"description\":\"Werkstatt f\u00fcr l\u00e4ndliche Kultur\",\"publisher\":{\"@id\":\"https:\\\/\\\/oderbruchmuseum.de\\\/#organization\"},\"potentialAction\":[{\"@type\":\"SearchAction\",\"target\":{\"@type\":\"EntryPoint\",\"urlTemplate\":\"https:\\\/\\\/oderbruchmuseum.de\\\/?s={search_term_string}\"},\"query-input\":{\"@type\":\"PropertyValueSpecification\",\"valueRequired\":true,\"valueName\":\"search_term_string\"}}],\"inLanguage\":\"pl-PL\"},{\"@type\":\"Organization\",\"@id\":\"https:\\\/\\\/oderbruchmuseum.de\\\/#organization\",\"name\":\"Oderbruchmuseum\",\"url\":\"https:\\\/\\\/oderbruchmuseum.de\\\/\",\"logo\":{\"@type\":\"ImageObject\",\"inLanguage\":\"pl-PL\",\"@id\":\"https:\\\/\\\/oderbruchmuseum.de\\\/#\\\/schema\\\/logo\\\/image\\\/\",\"url\":\"https:\\\/\\\/oderbruchmuseum.de\\\/wp-content\\\/uploads\\\/2020\\\/05\\\/rad-oderbruchmuseum.png\",\"contentUrl\":\"https:\\\/\\\/oderbruchmuseum.de\\\/wp-content\\\/uploads\\\/2020\\\/05\\\/rad-oderbruchmuseum.png\",\"width\":487,\"height\":451,\"caption\":\"Oderbruchmuseum\"},\"image\":{\"@id\":\"https:\\\/\\\/oderbruchmuseum.de\\\/#\\\/schema\\\/logo\\\/image\\\/\"},\"sameAs\":[\"https:\\\/\\\/www.facebook.com\\\/oderbruchmuseum\\\/\",\"https:\\\/\\\/www.instagram.com\\\/oderbruchmuseum\\\/\"]},{\"@type\":\"Person\",\"@id\":\"https:\\\/\\\/oderbruchmuseum.de\\\/#\\\/schema\\\/person\\\/93512e3f164d102fa56fa4f3be852903\",\"name\":\"oderbruchmuseum\",\"image\":{\"@type\":\"ImageObject\",\"inLanguage\":\"pl-PL\",\"@id\":\"https:\\\/\\\/secure.gravatar.com\\\/avatar\\\/4cb85b2fcffa9ea28f25b7fb4c0f736311c2de7d30be78953131dbbd284af8bf?s=96&d=mm&r=g\",\"url\":\"https:\\\/\\\/secure.gravatar.com\\\/avatar\\\/4cb85b2fcffa9ea28f25b7fb4c0f736311c2de7d30be78953131dbbd284af8bf?s=96&d=mm&r=g\",\"contentUrl\":\"https:\\\/\\\/secure.gravatar.com\\\/avatar\\\/4cb85b2fcffa9ea28f25b7fb4c0f736311c2de7d30be78953131dbbd284af8bf?s=96&d=mm&r=g\",\"caption\":\"oderbruchmuseum\"},\"url\":\"https:\\\/\\\/oderbruchmuseum.de\\\/pl\\\/author\\\/marenbuhmann\\\/\"}]}<\/script>\n<!-- \/ Yoast SEO plugin. -->","yoast_head_json":{"title":"Lehmdruck Mohnbl\u00fcten - Oderbruch Museum Altranft","robots":{"index":"index","follow":"follow","max-snippet":"max-snippet:-1","max-image-preview":"max-image-preview:large","max-video-preview":"max-video-preview:-1"},"canonical":"https:\/\/oderbruchmuseum.de\/pl\/stilles-gedenken-an-die-juedische-gemeinden-im-oderbruch\/","og_locale":"pl_PL","og_type":"article","og_title":"Lehmdruck Mohnbl\u00fcten - Oderbruch Museum Altranft","og_description":"Karola Wirth geht dem Eigensinn j\u00fcdischer Kultur im Oderbruch nach.","og_url":"https:\/\/oderbruchmuseum.de\/pl\/stilles-gedenken-an-die-juedische-gemeinden-im-oderbruch\/","og_site_name":"Oderbruch Museum Altranft","article_publisher":"https:\/\/www.facebook.com\/oderbruchmuseum\/","article_published_time":"2021-08-04T12:08:15+00:00","article_modified_time":"2023-05-04T12:42:27+00:00","og_image":[{"width":800,"height":520,"url":"https:\/\/oderbruchmuseum.de\/wp-content\/uploads\/2021\/08\/Juedisches-Gedenken-Keramik_Wirth.jpg","type":"image\/jpeg"}],"author":"oderbruchmuseum","twitter_card":"summary_large_image","twitter_misc":{"Napisane przez":"oderbruchmuseum","Szacowany czas czytania":"3 minuty"},"schema":{"@context":"https:\/\/schema.org","@graph":[{"@type":"Article","@id":"https:\/\/oderbruchmuseum.de\/stilles-gedenken-an-die-juedische-gemeinden-im-oderbruch\/#article","isPartOf":{"@id":"https:\/\/oderbruchmuseum.de\/stilles-gedenken-an-die-juedische-gemeinden-im-oderbruch\/"},"author":{"name":"oderbruchmuseum","@id":"https:\/\/oderbruchmuseum.de\/#\/schema\/person\/93512e3f164d102fa56fa4f3be852903"},"headline":"Lehmdruck Mohnbl\u00fcten","datePublished":"2021-08-04T12:08:15+00:00","dateModified":"2023-05-04T12:42:27+00:00","mainEntityOfPage":{"@id":"https:\/\/oderbruchmuseum.de\/stilles-gedenken-an-die-juedische-gemeinden-im-oderbruch\/"},"wordCount":361,"publisher":{"@id":"https:\/\/oderbruchmuseum.de\/#organization"},"image":{"@id":"https:\/\/oderbruchmuseum.de\/stilles-gedenken-an-die-juedische-gemeinden-im-oderbruch\/#primaryimage"},"thumbnailUrl":"https:\/\/oderbruchmuseum.de\/wp-content\/uploads\/2021\/08\/Juedisches-Gedenken-Keramik_Wirth.jpg","articleSection":["Partnerprojekte-Archiv","Partnerprojekte2021"],"inLanguage":"pl-PL"},{"@type":"WebPage","@id":"https:\/\/oderbruchmuseum.de\/stilles-gedenken-an-die-juedische-gemeinden-im-oderbruch\/","url":"https:\/\/oderbruchmuseum.de\/stilles-gedenken-an-die-juedische-gemeinden-im-oderbruch\/","name":"Lehmdruck Mohnbl\u00fcten - Oderbruch Museum Altranft","isPartOf":{"@id":"https:\/\/oderbruchmuseum.de\/#website"},"primaryImageOfPage":{"@id":"https:\/\/oderbruchmuseum.de\/stilles-gedenken-an-die-juedische-gemeinden-im-oderbruch\/#primaryimage"},"image":{"@id":"https:\/\/oderbruchmuseum.de\/stilles-gedenken-an-die-juedische-gemeinden-im-oderbruch\/#primaryimage"},"thumbnailUrl":"https:\/\/oderbruchmuseum.de\/wp-content\/uploads\/2021\/08\/Juedisches-Gedenken-Keramik_Wirth.jpg","datePublished":"2021-08-04T12:08:15+00:00","dateModified":"2023-05-04T12:42:27+00:00","breadcrumb":{"@id":"https:\/\/oderbruchmuseum.de\/stilles-gedenken-an-die-juedische-gemeinden-im-oderbruch\/#breadcrumb"},"inLanguage":"pl-PL","potentialAction":[{"@type":"ReadAction","target":["https:\/\/oderbruchmuseum.de\/stilles-gedenken-an-die-juedische-gemeinden-im-oderbruch\/"]}]},{"@type":"ImageObject","inLanguage":"pl-PL","@id":"https:\/\/oderbruchmuseum.de\/stilles-gedenken-an-die-juedische-gemeinden-im-oderbruch\/#primaryimage","url":"https:\/\/oderbruchmuseum.de\/wp-content\/uploads\/2021\/08\/Juedisches-Gedenken-Keramik_Wirth.jpg","contentUrl":"https:\/\/oderbruchmuseum.de\/wp-content\/uploads\/2021\/08\/Juedisches-Gedenken-Keramik_Wirth.jpg","width":800,"height":520,"caption":"Karola Wirth geht dem Eigensinn j\u00fcdischer Kultur im Oderbruch nach."},{"@type":"BreadcrumbList","@id":"https:\/\/oderbruchmuseum.de\/stilles-gedenken-an-die-juedische-gemeinden-im-oderbruch\/#breadcrumb","itemListElement":[{"@type":"ListItem","position":1,"name":"Startseite","item":"https:\/\/oderbruchmuseum.de\/"},{"@type":"ListItem","position":2,"name":"Lehmdruck Mohnbl\u00fcten"}]},{"@type":"WebSite","@id":"https:\/\/oderbruchmuseum.de\/#website","url":"https:\/\/oderbruchmuseum.de\/","name":"Muzeum Oderbruch Altranft","description":"Warsztaty kultury wiejskiej","publisher":{"@id":"https:\/\/oderbruchmuseum.de\/#organization"},"potentialAction":[{"@type":"SearchAction","target":{"@type":"EntryPoint","urlTemplate":"https:\/\/oderbruchmuseum.de\/?s={search_term_string}"},"query-input":{"@type":"PropertyValueSpecification","valueRequired":true,"valueName":"search_term_string"}}],"inLanguage":"pl-PL"},{"@type":"Organization","@id":"https:\/\/oderbruchmuseum.de\/#organization","name":"Muzeum Oderbruch","url":"https:\/\/oderbruchmuseum.de\/","logo":{"@type":"ImageObject","inLanguage":"pl-PL","@id":"https:\/\/oderbruchmuseum.de\/#\/schema\/logo\/image\/","url":"https:\/\/oderbruchmuseum.de\/wp-content\/uploads\/2020\/05\/rad-oderbruchmuseum.png","contentUrl":"https:\/\/oderbruchmuseum.de\/wp-content\/uploads\/2020\/05\/rad-oderbruchmuseum.png","width":487,"height":451,"caption":"Oderbruchmuseum"},"image":{"@id":"https:\/\/oderbruchmuseum.de\/#\/schema\/logo\/image\/"},"sameAs":["https:\/\/www.facebook.com\/oderbruchmuseum\/","https:\/\/www.instagram.com\/oderbruchmuseum\/"]},{"@type":"Person","@id":"https:\/\/oderbruchmuseum.de\/#\/schema\/person\/93512e3f164d102fa56fa4f3be852903","name":"lub muzeum z\u0142ama\u0144","image":{"@type":"ImageObject","inLanguage":"pl-PL","@id":"https:\/\/secure.gravatar.com\/avatar\/4cb85b2fcffa9ea28f25b7fb4c0f736311c2de7d30be78953131dbbd284af8bf?s=96&d=mm&r=g","url":"https:\/\/secure.gravatar.com\/avatar\/4cb85b2fcffa9ea28f25b7fb4c0f736311c2de7d30be78953131dbbd284af8bf?s=96&d=mm&r=g","contentUrl":"https:\/\/secure.gravatar.com\/avatar\/4cb85b2fcffa9ea28f25b7fb4c0f736311c2de7d30be78953131dbbd284af8bf?s=96&d=mm&r=g","caption":"oderbruchmuseum"},"url":"https:\/\/oderbruchmuseum.de\/pl\/author\/marenbuhmann\/"}]}},"jetpack_featured_media_url":"https:\/\/oderbruchmuseum.de\/wp-content\/uploads\/2021\/08\/Juedisches-Gedenken-Keramik_Wirth.jpg","jetpack_sharing_enabled":true,"_links":{"self":[{"href":"https:\/\/oderbruchmuseum.de\/pl\/wp-json\/wp\/v2\/posts\/7616","targetHints":{"allow":["GET"]}}],"collection":[{"href":"https:\/\/oderbruchmuseum.de\/pl\/wp-json\/wp\/v2\/posts"}],"about":[{"href":"https:\/\/oderbruchmuseum.de\/pl\/wp-json\/wp\/v2\/types\/post"}],"author":[{"embeddable":true,"href":"https:\/\/oderbruchmuseum.de\/pl\/wp-json\/wp\/v2\/users\/1"}],"replies":[{"embeddable":true,"href":"https:\/\/oderbruchmuseum.de\/pl\/wp-json\/wp\/v2\/comments?post=7616"}],"version-history":[{"count":0,"href":"https:\/\/oderbruchmuseum.de\/pl\/wp-json\/wp\/v2\/posts\/7616\/revisions"}],"wp:featuredmedia":[{"embeddable":true,"href":"https:\/\/oderbruchmuseum.de\/pl\/wp-json\/wp\/v2\/media\/7619"}],"wp:attachment":[{"href":"https:\/\/oderbruchmuseum.de\/pl\/wp-json\/wp\/v2\/media?parent=7616"}],"wp:term":[{"taxonomy":"category","embeddable":true,"href":"https:\/\/oderbruchmuseum.de\/pl\/wp-json\/wp\/v2\/categories?post=7616"},{"taxonomy":"post_tag","embeddable":true,"href":"https:\/\/oderbruchmuseum.de\/pl\/wp-json\/wp\/v2\/tags?post=7616"}],"curies":[{"name":"wp","href":"https:\/\/api.w.org\/{rel}","templated":true}]}}