{"id":6558,"date":"2020-12-01T19:38:48","date_gmt":"2020-12-01T18:38:48","guid":{"rendered":"https:\/\/oderbruchmuseum.de\/?p=6558"},"modified":"2020-12-01T19:38:49","modified_gmt":"2020-12-01T18:38:49","slug":"heimatfestival-2","status":"publish","type":"post","link":"https:\/\/oderbruchmuseum.de\/pl\/heimatfestival-2\/","title":{"rendered":"Heimatfestival -"},"content":{"rendered":"<p class=\"abstand5\"><span class=\"has-inline-color has-primary-color\">19 i 20 wrze\u015bnia<\/span><\/p>\n\n\n\n<div style=\"height:25px\" aria-hidden=\"true\" class=\"wp-block-spacer abstand5\"><\/div>\n\n\n\n<h3 class=\"wp-block-heading\">Jeden krajobraz, cztery miejsca, The Bus, sztuka, wielu ludzi i festiwal.<br>Czym jest domu - widz\u0105c, s\u0142ysz\u0105c, rozmawiaj\u0105c, \u015bwi\u0119tuj\u0105c, uczestnicz\u0105c, tworz\u0105c.<br>Dom jest zrobiony i zmienia si\u0119.<\/h3>\n\n\n\n<figure class=\"wp-block-embed-youtube wp-block-embed is-type-video is-provider-youtube wp-embed-aspect-16-9 wp-has-aspect-ratio\"><div class=\"wp-block-embed__wrapper\">\n<iframe loading=\"lazy\" title=\"Heimatfestival Oderbruch Dokumentacja\" width=\"780\" height=\"439\" src=\"https:\/\/www.youtube.com\/embed\/8z4wkAm1ppg?feature=oembed\" frameborder=\"0\" allow=\"accelerometer; autoplay; clipboard-write; encrypted-media; gyroscope; picture-in-picture\" allowfullscreen><\/iframe>\n<\/div><\/figure>\n\n\n\n<p class=\"has-small-font-size\"><span class=\"has-inline-color has-dark-gray-color\">Film Johanny Ickert<\/span><\/p>\n\n\n\n<p>Poprzez Heimatfestival Oderbruch chcieli\u015bmy wsp\u00f3lnie z zainteresowanymi osobami z Golzow, Letschin, Wuschewier i Neur\u00fcdnitz zbada\u0107, co oznacza Heimat tutaj w Oderbruch. Wyniki zaprezentowali\u015bmy 19 i 20 wrze\u015bnia 2020 roku w Golzow, Letschin, Wuschewier, Neur\u00fcdnitz. Nasz festiwalowy autobus, sam pomy\u015blany jako miejsce, po\u0142\u0105czy\u0142 te miejsca ze sob\u0105.<br>Zale\u017ca\u0142o nam nie tylko na promowaniu s\u0105siedztwa w Oderbruchu i rado\u015bci z samodzielnego opisywania krajobrazu, chcieli\u015bmy r\u00f3wnie\u017c podj\u0105\u0107 rozmow\u0119 o osobliwo\u015bciach kultury wiejskiej i o udanym \u017cyciu w Oderbruchu. Obszerna dokumentacja projektu, ma\u0142y film dokumentalny, kilka urywk\u00f3w d\u017awi\u0119kowych i zdj\u0119\u0107 daj\u0105 wgl\u0105d w festiwalowy weekend:<\/p>\n\n\n\n<p><a href=\"https:\/\/oderbruchmuseum.de\/wp-content\/uploads\/2020\/12\/HMT_doku_interaktiv144dpi.pdf\">&lt;&lt;&lt;<strong>Do dokumentacji<\/strong><\/a><\/p>\n\n\n\n<div style=\"height:30px\" aria-hidden=\"true\" class=\"wp-block-spacer\"><\/div>\n\n\n\n<h2 class=\"wp-block-heading\">O domu - nagrania d\u017awi\u0119kowe z Neur\u00fcdnitz <\/h2>\n\n\n\n<p class=\"has-small-font-size\"><span class=\"has-inline-color has-dark-gray-color\">Alex Schirmer<\/span><\/p>\n\n\n\n<div class=\"wp-block-columns is-layout-flex wp-container-core-columns-is-layout-9d6595d7 wp-block-columns-is-layout-flex\">\n<div class=\"wp-block-column is-layout-flow wp-block-column-is-layout-flow\">\n<h3 class=\"wp-block-heading\">Pani Leupner<\/h3>\n\n\n\n<figure class=\"wp-block-audio alignleft\"><audio controls src=\"https:\/\/oderbruchmuseum.de\/wp-content\/uploads\/2020\/12\/Frau_Leupner_mixdown.mp3\"><\/audio><\/figure>\n\n\n\n<h3 class=\"wp-block-heading\">Rodzina Regenberg\u00f3w<\/h3>\n\n\n\n<figure class=\"wp-block-audio alignleft\"><audio controls src=\"https:\/\/oderbruchmuseum.de\/wp-content\/uploads\/2020\/12\/Familie_Regenberg-Abmischung-1.mp3\"><\/audio><\/figure>\n<\/div>\n\n\n\n<div class=\"wp-block-column is-layout-flow wp-block-column-is-layout-flow\">\n<h3 class=\"wp-block-heading\">Pani Pfeiffer<\/h3>\n\n\n\n<figure class=\"wp-block-audio alignleft\"><audio controls src=\"https:\/\/oderbruchmuseum.de\/wp-content\/uploads\/2020\/12\/Frau_Pfeiffer-Abmischung-1.mp3\"><\/audio><\/figure>\n\n\n\n<h3 class=\"wp-block-heading\">Tobi i Jule&nbsp;<\/h3>\n\n\n\n<figure class=\"wp-block-audio alignleft\"><audio controls src=\"https:\/\/oderbruchmuseum.de\/wp-content\/uploads\/2020\/12\/Jule_Tobi-Abmischung-1.mp3\"><\/audio><\/figure>\n<\/div>\n<\/div>\n\n\n\n<div style=\"height:51px\" aria-hidden=\"true\" class=\"wp-block-spacer\"><\/div>\n\n\n\n<h2 class=\"wp-block-heading\"><strong>Wra\u017cenia z pracy nad festiwalowym autobusem Jakoba R\u00fcdricha.<\/strong><\/h2>\n\n\n\n<figure class=\"wp-block-embed-youtube wp-block-embed is-type-video is-provider-youtube wp-embed-aspect-16-9 wp-has-aspect-ratio\"><div class=\"wp-block-embed__wrapper\">\n<iframe loading=\"lazy\" title=\"Wra\u017cenia z pracy w autobusie festiwalowym Jakoba R\u00fcdricha\" width=\"780\" height=\"439\" src=\"https:\/\/www.youtube.com\/embed\/JErYw03hNxw?feature=oembed\" frameborder=\"0\" allow=\"accelerometer; autoplay; clipboard-write; encrypted-media; gyroscope; picture-in-picture\" allowfullscreen><\/iframe>\n<\/div><\/figure>\n\n\n\n<figure class=\"wp-block-image size-large\"><img loading=\"lazy\" decoding=\"async\" width=\"800\" height=\"321\" data-attachment-id=\"6554\" data-permalink=\"https:\/\/oderbruchmuseum.de\/pl\/heimatfestival\/heimatfestival-3\/\" data-orig-file=\"https:\/\/oderbruchmuseum.de\/wp-content\/uploads\/2020\/12\/heimatfestival.png\" data-orig-size=\"800,321\" data-comments-opened=\"0\" data-image-meta=\"{&quot;aperture&quot;:&quot;0&quot;,&quot;credit&quot;:&quot;&quot;,&quot;camera&quot;:&quot;&quot;,&quot;caption&quot;:&quot;&quot;,&quot;created_timestamp&quot;:&quot;0&quot;,&quot;copyright&quot;:&quot;&quot;,&quot;focal_length&quot;:&quot;0&quot;,&quot;iso&quot;:&quot;0&quot;,&quot;shutter_speed&quot;:&quot;0&quot;,&quot;title&quot;:&quot;&quot;,&quot;orientation&quot;:&quot;0&quot;}\" data-image-title=\"heimatfestival\" data-image-description=\"\" data-image-caption=\"\" data-large-file=\"https:\/\/oderbruchmuseum.de\/wp-content\/uploads\/2020\/12\/heimatfestival.png\" src=\"https:\/\/oderbruchmuseum.de\/wp-content\/uploads\/2020\/12\/heimatfestival.png\" alt=\"\" class=\"wp-image-6554\" srcset=\"https:\/\/oderbruchmuseum.de\/wp-content\/uploads\/2020\/12\/heimatfestival.png 800w, https:\/\/oderbruchmuseum.de\/wp-content\/uploads\/2020\/12\/heimatfestival-300x120.png 300w, https:\/\/oderbruchmuseum.de\/wp-content\/uploads\/2020\/12\/heimatfestival-768x308.png 768w\" sizes=\"auto, (max-width: 800px) 100vw, 800px\" \/><\/figure>\n\n\n\n<figure class=\"wp-block-image size-large\"><img loading=\"lazy\" decoding=\"async\" width=\"522\" height=\"250\" data-attachment-id=\"4741\" data-permalink=\"https:\/\/oderbruchmuseum.de\/pl\/heimatfestival\/kombimarke__ptble\/\" data-orig-file=\"https:\/\/oderbruchmuseum.de\/wp-content\/uploads\/2020\/07\/kombimarke__ptble.jpg\" data-orig-size=\"522,250\" data-comments-opened=\"0\" data-image-meta=\"{&quot;aperture&quot;:&quot;0&quot;,&quot;credit&quot;:&quot;&quot;,&quot;camera&quot;:&quot;&quot;,&quot;caption&quot;:&quot;&quot;,&quot;created_timestamp&quot;:&quot;0&quot;,&quot;copyright&quot;:&quot;&quot;,&quot;focal_length&quot;:&quot;0&quot;,&quot;iso&quot;:&quot;0&quot;,&quot;shutter_speed&quot;:&quot;0&quot;,&quot;title&quot;:&quot;&quot;,&quot;orientation&quot;:&quot;0&quot;}\" data-image-title=\"kombimarke__ptble\" data-image-description=\"\" data-image-caption=\"\" data-large-file=\"https:\/\/oderbruchmuseum.de\/wp-content\/uploads\/2020\/07\/kombimarke__ptble.jpg\" src=\"https:\/\/oderbruchmuseum.de\/wp-content\/uploads\/2020\/07\/kombimarke__ptble.jpg\" alt=\"\" class=\"wp-image-4741\" srcset=\"https:\/\/oderbruchmuseum.de\/wp-content\/uploads\/2020\/07\/kombimarke__ptble.jpg 522w, https:\/\/oderbruchmuseum.de\/wp-content\/uploads\/2020\/07\/kombimarke__ptble-300x144.jpg 300w\" sizes=\"auto, (max-width: 522px) 100vw, 522px\" \/><\/figure>\n\n\n\n<p><\/p>","protected":false},"excerpt":{"rendered":"<p>19 i 20 wrze\u015bnia Krajobraz, cztery miejsca, autobus, sztuka, wielu ludzi i festiwal.Czym jest dom - widzie\u0107, s\u0142ysze\u0107, rozmawia\u0107, \u015bwi\u0119towa\u0107, uczestniczy\u0107, tworzy\u0107.Dom powstaje i zmienia si\u0119. Film Johanny Ickert W ramach Heimatfestival Oderbruch chcieli\u015bmy wsp\u00f3lnie z zainteresowanymi osobami z Golzow, Letschin, Wuschewier i Neur\u00fcdnitz zbada\u0107, co oznacza Heimat tutaj, w Oderbruchu. Wyniki zaprezentowali\u015bmy 19 i 20 wrze\u015bnia 2020 roku w Golzow, Letschin,<\/p>","protected":false},"author":1,"featured_media":0,"comment_status":"closed","ping_status":"closed","sticky":false,"template":"","format":"standard","meta":{"inline_featured_image":false,"_jetpack_memberships_contains_paid_content":false,"footnotes":""},"categories":[1],"tags":[],"class_list":["post-6558","post","type-post","status-publish","format-standard","hentry","category-uncategorized"],"yoast_head":"<!-- This site is optimized with the Yoast SEO plugin v27.5 - https:\/\/yoast.com\/product\/yoast-seo-wordpress\/ -->\n<title>Heimatfestival- Oderbruch Museum Altranft<\/title>\n<meta name=\"robots\" content=\"index, follow, max-snippet:-1, max-image-preview:large, max-video-preview:-1\" \/>\n<link rel=\"canonical\" href=\"https:\/\/oderbruchmuseum.de\/pl\/heimatfestival-2\/\" \/>\n<meta property=\"og:locale\" content=\"pl_PL\" \/>\n<meta property=\"og:type\" content=\"article\" \/>\n<meta property=\"og:title\" content=\"Heimatfestival- Oderbruch Museum Altranft\" \/>\n<meta property=\"og:description\" content=\"19. und 20. September Eine Landschaft, vier Orte, Der Bus, Kunst, viele Menschen und ein Fest.Was ist Heimat &#8211; Sehen, H\u00f6ren, Reden, Feiern, Mitmachen, Gestalten.Heimat wird gemacht und ver\u00e4ndert sich. Film von Johanna Ickert Mit dem Heimatfestival Oderbruch wollten wir gemeinsam mit interessierten Menschen aus Golzow, Letschin, Wuschewier und Neur\u00fcdnitz erforschen, was Heimat hier im Oderbruch bedeutet. Die Ergebnisse pr\u00e4sentierten wir am 19. und 20. September 2020 in Golzow, Letschin,\" \/>\n<meta property=\"og:url\" content=\"https:\/\/oderbruchmuseum.de\/pl\/heimatfestival-2\/\" \/>\n<meta property=\"og:site_name\" content=\"Oderbruch Museum Altranft\" \/>\n<meta property=\"article:publisher\" content=\"https:\/\/www.facebook.com\/oderbruchmuseum\/\" \/>\n<meta property=\"article:published_time\" content=\"2020-12-01T18:38:48+00:00\" \/>\n<meta property=\"article:modified_time\" content=\"2020-12-01T18:38:49+00:00\" \/>\n<meta property=\"og:image\" content=\"https:\/\/oderbruchmuseum.de\/wp-content\/uploads\/2020\/12\/heimatfestival.png\" \/>\n<meta name=\"author\" content=\"oderbruchmuseum\" \/>\n<meta name=\"twitter:card\" content=\"summary_large_image\" \/>\n<meta name=\"twitter:label1\" content=\"Napisane przez\" \/>\n\t<meta name=\"twitter:data1\" content=\"oderbruchmuseum\" \/>\n\t<meta name=\"twitter:label2\" content=\"Szacowany czas czytania\" \/>\n\t<meta name=\"twitter:data2\" content=\"1 minuta\" \/>\n<script type=\"application\/ld+json\" class=\"yoast-schema-graph\">{\"@context\":\"https:\\\/\\\/schema.org\",\"@graph\":[{\"@type\":\"Article\",\"@id\":\"https:\\\/\\\/oderbruchmuseum.de\\\/heimatfestival-2\\\/#article\",\"isPartOf\":{\"@id\":\"https:\\\/\\\/oderbruchmuseum.de\\\/heimatfestival-2\\\/\"},\"author\":{\"name\":\"oderbruchmuseum\",\"@id\":\"https:\\\/\\\/oderbruchmuseum.de\\\/#\\\/schema\\\/person\\\/93512e3f164d102fa56fa4f3be852903\"},\"headline\":\"Heimatfestival-\",\"datePublished\":\"2020-12-01T18:38:48+00:00\",\"dateModified\":\"2020-12-01T18:38:49+00:00\",\"mainEntityOfPage\":{\"@id\":\"https:\\\/\\\/oderbruchmuseum.de\\\/heimatfestival-2\\\/\"},\"wordCount\":188,\"publisher\":{\"@id\":\"https:\\\/\\\/oderbruchmuseum.de\\\/#organization\"},\"image\":{\"@id\":\"https:\\\/\\\/oderbruchmuseum.de\\\/heimatfestival-2\\\/#primaryimage\"},\"thumbnailUrl\":\"https:\\\/\\\/oderbruchmuseum.de\\\/wp-content\\\/uploads\\\/2020\\\/12\\\/heimatfestival.png\",\"articleSection\":[\"Uncategorized\"],\"inLanguage\":\"pl-PL\"},{\"@type\":\"WebPage\",\"@id\":\"https:\\\/\\\/oderbruchmuseum.de\\\/heimatfestival-2\\\/\",\"url\":\"https:\\\/\\\/oderbruchmuseum.de\\\/heimatfestival-2\\\/\",\"name\":\"Heimatfestival- Oderbruch Museum Altranft\",\"isPartOf\":{\"@id\":\"https:\\\/\\\/oderbruchmuseum.de\\\/#website\"},\"primaryImageOfPage\":{\"@id\":\"https:\\\/\\\/oderbruchmuseum.de\\\/heimatfestival-2\\\/#primaryimage\"},\"image\":{\"@id\":\"https:\\\/\\\/oderbruchmuseum.de\\\/heimatfestival-2\\\/#primaryimage\"},\"thumbnailUrl\":\"https:\\\/\\\/oderbruchmuseum.de\\\/wp-content\\\/uploads\\\/2020\\\/12\\\/heimatfestival.png\",\"datePublished\":\"2020-12-01T18:38:48+00:00\",\"dateModified\":\"2020-12-01T18:38:49+00:00\",\"breadcrumb\":{\"@id\":\"https:\\\/\\\/oderbruchmuseum.de\\\/heimatfestival-2\\\/#breadcrumb\"},\"inLanguage\":\"pl-PL\",\"potentialAction\":[{\"@type\":\"ReadAction\",\"target\":[\"https:\\\/\\\/oderbruchmuseum.de\\\/heimatfestival-2\\\/\"]}]},{\"@type\":\"ImageObject\",\"inLanguage\":\"pl-PL\",\"@id\":\"https:\\\/\\\/oderbruchmuseum.de\\\/heimatfestival-2\\\/#primaryimage\",\"url\":\"https:\\\/\\\/oderbruchmuseum.de\\\/wp-content\\\/uploads\\\/2020\\\/12\\\/heimatfestival.png\",\"contentUrl\":\"https:\\\/\\\/oderbruchmuseum.de\\\/wp-content\\\/uploads\\\/2020\\\/12\\\/heimatfestival.png\"},{\"@type\":\"BreadcrumbList\",\"@id\":\"https:\\\/\\\/oderbruchmuseum.de\\\/heimatfestival-2\\\/#breadcrumb\",\"itemListElement\":[{\"@type\":\"ListItem\",\"position\":1,\"name\":\"Startseite\",\"item\":\"https:\\\/\\\/oderbruchmuseum.de\\\/\"},{\"@type\":\"ListItem\",\"position\":2,\"name\":\"Heimatfestival-\"}]},{\"@type\":\"WebSite\",\"@id\":\"https:\\\/\\\/oderbruchmuseum.de\\\/#website\",\"url\":\"https:\\\/\\\/oderbruchmuseum.de\\\/\",\"name\":\"Oderbruchmuseum Altranft\",\"description\":\"Werkstatt f\u00fcr l\u00e4ndliche Kultur\",\"publisher\":{\"@id\":\"https:\\\/\\\/oderbruchmuseum.de\\\/#organization\"},\"potentialAction\":[{\"@type\":\"SearchAction\",\"target\":{\"@type\":\"EntryPoint\",\"urlTemplate\":\"https:\\\/\\\/oderbruchmuseum.de\\\/?s={search_term_string}\"},\"query-input\":{\"@type\":\"PropertyValueSpecification\",\"valueRequired\":true,\"valueName\":\"search_term_string\"}}],\"inLanguage\":\"pl-PL\"},{\"@type\":\"Organization\",\"@id\":\"https:\\\/\\\/oderbruchmuseum.de\\\/#organization\",\"name\":\"Oderbruchmuseum\",\"url\":\"https:\\\/\\\/oderbruchmuseum.de\\\/\",\"logo\":{\"@type\":\"ImageObject\",\"inLanguage\":\"pl-PL\",\"@id\":\"https:\\\/\\\/oderbruchmuseum.de\\\/#\\\/schema\\\/logo\\\/image\\\/\",\"url\":\"https:\\\/\\\/oderbruchmuseum.de\\\/wp-content\\\/uploads\\\/2020\\\/05\\\/rad-oderbruchmuseum.png\",\"contentUrl\":\"https:\\\/\\\/oderbruchmuseum.de\\\/wp-content\\\/uploads\\\/2020\\\/05\\\/rad-oderbruchmuseum.png\",\"width\":487,\"height\":451,\"caption\":\"Oderbruchmuseum\"},\"image\":{\"@id\":\"https:\\\/\\\/oderbruchmuseum.de\\\/#\\\/schema\\\/logo\\\/image\\\/\"},\"sameAs\":[\"https:\\\/\\\/www.facebook.com\\\/oderbruchmuseum\\\/\",\"https:\\\/\\\/www.instagram.com\\\/oderbruchmuseum\\\/\"]},{\"@type\":\"Person\",\"@id\":\"https:\\\/\\\/oderbruchmuseum.de\\\/#\\\/schema\\\/person\\\/93512e3f164d102fa56fa4f3be852903\",\"name\":\"oderbruchmuseum\",\"image\":{\"@type\":\"ImageObject\",\"inLanguage\":\"pl-PL\",\"@id\":\"https:\\\/\\\/secure.gravatar.com\\\/avatar\\\/4cb85b2fcffa9ea28f25b7fb4c0f736311c2de7d30be78953131dbbd284af8bf?s=96&d=mm&r=g\",\"url\":\"https:\\\/\\\/secure.gravatar.com\\\/avatar\\\/4cb85b2fcffa9ea28f25b7fb4c0f736311c2de7d30be78953131dbbd284af8bf?s=96&d=mm&r=g\",\"contentUrl\":\"https:\\\/\\\/secure.gravatar.com\\\/avatar\\\/4cb85b2fcffa9ea28f25b7fb4c0f736311c2de7d30be78953131dbbd284af8bf?s=96&d=mm&r=g\",\"caption\":\"oderbruchmuseum\"},\"url\":\"https:\\\/\\\/oderbruchmuseum.de\\\/pl\\\/author\\\/marenbuhmann\\\/\"}]}<\/script>\n<!-- \/ Yoast SEO plugin. -->","yoast_head_json":{"title":"Heimatfestival- Oderbruch Museum Altranft","robots":{"index":"index","follow":"follow","max-snippet":"max-snippet:-1","max-image-preview":"max-image-preview:large","max-video-preview":"max-video-preview:-1"},"canonical":"https:\/\/oderbruchmuseum.de\/pl\/heimatfestival-2\/","og_locale":"pl_PL","og_type":"article","og_title":"Heimatfestival- Oderbruch Museum Altranft","og_description":"19. und 20. September Eine Landschaft, vier Orte, Der Bus, Kunst, viele Menschen und ein Fest.Was ist Heimat &#8211; Sehen, H\u00f6ren, Reden, Feiern, Mitmachen, Gestalten.Heimat wird gemacht und ver\u00e4ndert sich. Film von Johanna Ickert Mit dem Heimatfestival Oderbruch wollten wir gemeinsam mit interessierten Menschen aus Golzow, Letschin, Wuschewier und Neur\u00fcdnitz erforschen, was Heimat hier im Oderbruch bedeutet. Die Ergebnisse pr\u00e4sentierten wir am 19. und 20. September 2020 in Golzow, Letschin,","og_url":"https:\/\/oderbruchmuseum.de\/pl\/heimatfestival-2\/","og_site_name":"Oderbruch Museum Altranft","article_publisher":"https:\/\/www.facebook.com\/oderbruchmuseum\/","article_published_time":"2020-12-01T18:38:48+00:00","article_modified_time":"2020-12-01T18:38:49+00:00","og_image":[{"url":"https:\/\/oderbruchmuseum.de\/wp-content\/uploads\/2020\/12\/heimatfestival.png","type":"","width":"","height":""}],"author":"oderbruchmuseum","twitter_card":"summary_large_image","twitter_misc":{"Napisane przez":"oderbruchmuseum","Szacowany czas czytania":"1 minuta"},"schema":{"@context":"https:\/\/schema.org","@graph":[{"@type":"Article","@id":"https:\/\/oderbruchmuseum.de\/heimatfestival-2\/#article","isPartOf":{"@id":"https:\/\/oderbruchmuseum.de\/heimatfestival-2\/"},"author":{"name":"oderbruchmuseum","@id":"https:\/\/oderbruchmuseum.de\/#\/schema\/person\/93512e3f164d102fa56fa4f3be852903"},"headline":"Heimatfestival-","datePublished":"2020-12-01T18:38:48+00:00","dateModified":"2020-12-01T18:38:49+00:00","mainEntityOfPage":{"@id":"https:\/\/oderbruchmuseum.de\/heimatfestival-2\/"},"wordCount":188,"publisher":{"@id":"https:\/\/oderbruchmuseum.de\/#organization"},"image":{"@id":"https:\/\/oderbruchmuseum.de\/heimatfestival-2\/#primaryimage"},"thumbnailUrl":"https:\/\/oderbruchmuseum.de\/wp-content\/uploads\/2020\/12\/heimatfestival.png","articleSection":["Uncategorized"],"inLanguage":"pl-PL"},{"@type":"WebPage","@id":"https:\/\/oderbruchmuseum.de\/heimatfestival-2\/","url":"https:\/\/oderbruchmuseum.de\/heimatfestival-2\/","name":"Heimatfestival- Oderbruch Museum Altranft","isPartOf":{"@id":"https:\/\/oderbruchmuseum.de\/#website"},"primaryImageOfPage":{"@id":"https:\/\/oderbruchmuseum.de\/heimatfestival-2\/#primaryimage"},"image":{"@id":"https:\/\/oderbruchmuseum.de\/heimatfestival-2\/#primaryimage"},"thumbnailUrl":"https:\/\/oderbruchmuseum.de\/wp-content\/uploads\/2020\/12\/heimatfestival.png","datePublished":"2020-12-01T18:38:48+00:00","dateModified":"2020-12-01T18:38:49+00:00","breadcrumb":{"@id":"https:\/\/oderbruchmuseum.de\/heimatfestival-2\/#breadcrumb"},"inLanguage":"pl-PL","potentialAction":[{"@type":"ReadAction","target":["https:\/\/oderbruchmuseum.de\/heimatfestival-2\/"]}]},{"@type":"ImageObject","inLanguage":"pl-PL","@id":"https:\/\/oderbruchmuseum.de\/heimatfestival-2\/#primaryimage","url":"https:\/\/oderbruchmuseum.de\/wp-content\/uploads\/2020\/12\/heimatfestival.png","contentUrl":"https:\/\/oderbruchmuseum.de\/wp-content\/uploads\/2020\/12\/heimatfestival.png"},{"@type":"BreadcrumbList","@id":"https:\/\/oderbruchmuseum.de\/heimatfestival-2\/#breadcrumb","itemListElement":[{"@type":"ListItem","position":1,"name":"Startseite","item":"https:\/\/oderbruchmuseum.de\/"},{"@type":"ListItem","position":2,"name":"Heimatfestival-"}]},{"@type":"WebSite","@id":"https:\/\/oderbruchmuseum.de\/#website","url":"https:\/\/oderbruchmuseum.de\/","name":"Muzeum Oderbruch Altranft","description":"Warsztaty kultury wiejskiej","publisher":{"@id":"https:\/\/oderbruchmuseum.de\/#organization"},"potentialAction":[{"@type":"SearchAction","target":{"@type":"EntryPoint","urlTemplate":"https:\/\/oderbruchmuseum.de\/?s={search_term_string}"},"query-input":{"@type":"PropertyValueSpecification","valueRequired":true,"valueName":"search_term_string"}}],"inLanguage":"pl-PL"},{"@type":"Organization","@id":"https:\/\/oderbruchmuseum.de\/#organization","name":"Muzeum Oderbruch","url":"https:\/\/oderbruchmuseum.de\/","logo":{"@type":"ImageObject","inLanguage":"pl-PL","@id":"https:\/\/oderbruchmuseum.de\/#\/schema\/logo\/image\/","url":"https:\/\/oderbruchmuseum.de\/wp-content\/uploads\/2020\/05\/rad-oderbruchmuseum.png","contentUrl":"https:\/\/oderbruchmuseum.de\/wp-content\/uploads\/2020\/05\/rad-oderbruchmuseum.png","width":487,"height":451,"caption":"Oderbruchmuseum"},"image":{"@id":"https:\/\/oderbruchmuseum.de\/#\/schema\/logo\/image\/"},"sameAs":["https:\/\/www.facebook.com\/oderbruchmuseum\/","https:\/\/www.instagram.com\/oderbruchmuseum\/"]},{"@type":"Person","@id":"https:\/\/oderbruchmuseum.de\/#\/schema\/person\/93512e3f164d102fa56fa4f3be852903","name":"lub muzeum z\u0142ama\u0144","image":{"@type":"ImageObject","inLanguage":"pl-PL","@id":"https:\/\/secure.gravatar.com\/avatar\/4cb85b2fcffa9ea28f25b7fb4c0f736311c2de7d30be78953131dbbd284af8bf?s=96&d=mm&r=g","url":"https:\/\/secure.gravatar.com\/avatar\/4cb85b2fcffa9ea28f25b7fb4c0f736311c2de7d30be78953131dbbd284af8bf?s=96&d=mm&r=g","contentUrl":"https:\/\/secure.gravatar.com\/avatar\/4cb85b2fcffa9ea28f25b7fb4c0f736311c2de7d30be78953131dbbd284af8bf?s=96&d=mm&r=g","caption":"oderbruchmuseum"},"url":"https:\/\/oderbruchmuseum.de\/pl\/author\/marenbuhmann\/"}]}},"jetpack_featured_media_url":"","jetpack_sharing_enabled":true,"_links":{"self":[{"href":"https:\/\/oderbruchmuseum.de\/pl\/wp-json\/wp\/v2\/posts\/6558","targetHints":{"allow":["GET"]}}],"collection":[{"href":"https:\/\/oderbruchmuseum.de\/pl\/wp-json\/wp\/v2\/posts"}],"about":[{"href":"https:\/\/oderbruchmuseum.de\/pl\/wp-json\/wp\/v2\/types\/post"}],"author":[{"embeddable":true,"href":"https:\/\/oderbruchmuseum.de\/pl\/wp-json\/wp\/v2\/users\/1"}],"replies":[{"embeddable":true,"href":"https:\/\/oderbruchmuseum.de\/pl\/wp-json\/wp\/v2\/comments?post=6558"}],"version-history":[{"count":0,"href":"https:\/\/oderbruchmuseum.de\/pl\/wp-json\/wp\/v2\/posts\/6558\/revisions"}],"wp:attachment":[{"href":"https:\/\/oderbruchmuseum.de\/pl\/wp-json\/wp\/v2\/media?parent=6558"}],"wp:term":[{"taxonomy":"category","embeddable":true,"href":"https:\/\/oderbruchmuseum.de\/pl\/wp-json\/wp\/v2\/categories?post=6558"},{"taxonomy":"post_tag","embeddable":true,"href":"https:\/\/oderbruchmuseum.de\/pl\/wp-json\/wp\/v2\/tags?post=6558"}],"curies":[{"name":"wp","href":"https:\/\/api.w.org\/{rel}","templated":true}]}}