{"id":305,"date":"2020-05-30T12:53:45","date_gmt":"2020-05-30T10:53:45","guid":{"rendered":"http:\/\/test.oderbruchmuseum.de\/2019\/12\/03\/20201205-programm\/"},"modified":"2020-11-27T17:14:24","modified_gmt":"2020-11-27T16:14:24","slug":"revue-im-dezember","status":"publish","type":"post","link":"https:\/\/oderbruchmuseum.de\/pl\/revue-im-dezember\/","title":{"rendered":"Odwo\u0142ana:Rewia w grudniu"},"content":{"rendered":"<p><span class=\"has-inline-color has-primary-color\">5 grudnia 2020 r.<\/span><\/p>\n\n\n\n<h3 class=\"wp-block-heading\">Projekt Finissage slip box - Grog w parku zamkowym z przegl\u0105dem festiwali celebryckich - Czytanie - Pokaz prac z zakresu edukacji krajobrazowej - Otwarte warsztaty muzealne<\/h3>\n\n\n\n<p>W przedostatni dzie\u0144 otwarcia sezonu dokonujemy podsumowania roku. Christiane Wartenberg ko\u0144czy sw\u00f3j projekt skrzynki na banknoty w jadalni i pokazuje, co uda\u0142o jej si\u0119 zebra\u0107 w postaci wspomnie\u0144 o historii zamku. Antje Schiffers zaprasza go\u015bci na szklank\u0119 grogu w parku zamkowym i ponownie o\u017cywia obchodzone \u015bwi\u0119ta. Nasza edukacja krajobrazowa prezentuje swoje najwa\u017cniejsze oferty i projekty w ramach pokazu pracy, a tak\u017ce daje wgl\u0105d w realizowany latem Heimatfestival Oderbruch.<\/p>\n\n\n\n<h3 class=\"wp-block-heading\">Sobota - 5 grudnia 2020 - 11-17 h - Zamek<\/h3>\n\n\n\n<style>.entry-content {\n    font-size: 17px;\n    font-size: 1.0625rem;\n    margin-top: 0rem;\n}\n\n.entry-footer {\n    margin: 0 0 2.5em;\n    display: none;\n}<\/style>","protected":false},"excerpt":{"rendered":"<p><!-- wp:paragraph --><\/p>\n<p><span class=\"has-inline-color has-primary-color\">5 grudnia 2020 r.<\/span><\/p>\n<p><!-- \/wp:paragraph --><\/p>\n<p><!-- wp:heading {\"level\":3} --><\/p>\n<h3>Finissage slip box<br \/>Projekt - Grog w parku zamkowym z przegl\u0105dem obchodzonych \u015bwi\u0105t <br \/> Czytanie <br \/>Wystawa prac z zakresu edukacji krajobrazowej <br \/> Otwarte warsztaty muzealne<\/h3>\n<p><!-- \/wp:heading --><\/p>","protected":false},"author":1,"featured_media":4560,"comment_status":"closed","ping_status":"closed","sticky":false,"template":"","format":"standard","meta":{"inline_featured_image":false,"_jetpack_memberships_contains_paid_content":false,"footnotes":""},"categories":[16],"tags":[],"class_list":["post-305","post","type-post","status-publish","format-standard","has-post-thumbnail","hentry","category-programmarchiv"],"yoast_head":"<!-- This site is optimized with the Yoast SEO plugin v27.4 - https:\/\/yoast.com\/product\/yoast-seo-wordpress\/ -->\n<title>Abgesagt:Revue im Dezember - Oderbruch Museum Altranft<\/title>\n<meta name=\"robots\" content=\"index, follow, max-snippet:-1, max-image-preview:large, max-video-preview:-1\" \/>\n<link rel=\"canonical\" href=\"https:\/\/oderbruchmuseum.de\/pl\/revue-im-dezember\/\" \/>\n<meta property=\"og:locale\" content=\"pl_PL\" \/>\n<meta property=\"og:type\" content=\"article\" \/>\n<meta property=\"og:title\" content=\"Abgesagt:Revue im Dezember - Oderbruch Museum Altranft\" \/>\n<meta property=\"og:description\" content=\"5. Dezember 2020  Finissage ZettelkastenProjekt - Grog im Schlosspark mit R\u00fcckschau auf die gefeierten Feste Lesung Werkschau Landschaftliche Bildung Offene Museumswerkstatt\" \/>\n<meta property=\"og:url\" content=\"https:\/\/oderbruchmuseum.de\/pl\/revue-im-dezember\/\" \/>\n<meta property=\"og:site_name\" content=\"Oderbruch Museum Altranft\" \/>\n<meta property=\"article:publisher\" content=\"https:\/\/www.facebook.com\/oderbruchmuseum\/\" \/>\n<meta property=\"article:published_time\" content=\"2020-05-30T10:53:45+00:00\" \/>\n<meta property=\"article:modified_time\" content=\"2020-11-27T16:14:24+00:00\" \/>\n<meta property=\"og:image\" content=\"https:\/\/oderbruchmuseum.de\/wp-content\/uploads\/2020\/05\/Veranstaltungen_dorf-im-november-4.jpg\" \/>\n\t<meta property=\"og:image:width\" content=\"800\" \/>\n\t<meta property=\"og:image:height\" content=\"500\" \/>\n\t<meta property=\"og:image:type\" content=\"image\/jpeg\" \/>\n<meta name=\"author\" content=\"oderbruchmuseum\" \/>\n<meta name=\"twitter:card\" content=\"summary_large_image\" \/>\n<meta name=\"twitter:label1\" content=\"Napisane przez\" \/>\n\t<meta name=\"twitter:data1\" content=\"oderbruchmuseum\" \/>\n\t<meta name=\"twitter:label2\" content=\"Szacowany czas czytania\" \/>\n\t<meta name=\"twitter:data2\" content=\"1 minuta\" \/>\n<script type=\"application\/ld+json\" class=\"yoast-schema-graph\">{\"@context\":\"https:\\\/\\\/schema.org\",\"@graph\":[{\"@type\":\"Article\",\"@id\":\"https:\\\/\\\/oderbruchmuseum.de\\\/revue-im-dezember\\\/#article\",\"isPartOf\":{\"@id\":\"https:\\\/\\\/oderbruchmuseum.de\\\/revue-im-dezember\\\/\"},\"author\":{\"name\":\"oderbruchmuseum\",\"@id\":\"https:\\\/\\\/oderbruchmuseum.de\\\/#\\\/schema\\\/person\\\/93512e3f164d102fa56fa4f3be852903\"},\"headline\":\"Abgesagt:Revue im Dezember\",\"datePublished\":\"2020-05-30T10:53:45+00:00\",\"dateModified\":\"2020-11-27T16:14:24+00:00\",\"mainEntityOfPage\":{\"@id\":\"https:\\\/\\\/oderbruchmuseum.de\\\/revue-im-dezember\\\/\"},\"wordCount\":109,\"publisher\":{\"@id\":\"https:\\\/\\\/oderbruchmuseum.de\\\/#organization\"},\"image\":{\"@id\":\"https:\\\/\\\/oderbruchmuseum.de\\\/revue-im-dezember\\\/#primaryimage\"},\"thumbnailUrl\":\"https:\\\/\\\/oderbruchmuseum.de\\\/wp-content\\\/uploads\\\/2020\\\/05\\\/Veranstaltungen_dorf-im-november-4.jpg\",\"articleSection\":[\"Programmarchiv\"],\"inLanguage\":\"pl-PL\"},{\"@type\":\"WebPage\",\"@id\":\"https:\\\/\\\/oderbruchmuseum.de\\\/revue-im-dezember\\\/\",\"url\":\"https:\\\/\\\/oderbruchmuseum.de\\\/revue-im-dezember\\\/\",\"name\":\"Abgesagt:Revue im Dezember - Oderbruch Museum Altranft\",\"isPartOf\":{\"@id\":\"https:\\\/\\\/oderbruchmuseum.de\\\/#website\"},\"primaryImageOfPage\":{\"@id\":\"https:\\\/\\\/oderbruchmuseum.de\\\/revue-im-dezember\\\/#primaryimage\"},\"image\":{\"@id\":\"https:\\\/\\\/oderbruchmuseum.de\\\/revue-im-dezember\\\/#primaryimage\"},\"thumbnailUrl\":\"https:\\\/\\\/oderbruchmuseum.de\\\/wp-content\\\/uploads\\\/2020\\\/05\\\/Veranstaltungen_dorf-im-november-4.jpg\",\"datePublished\":\"2020-05-30T10:53:45+00:00\",\"dateModified\":\"2020-11-27T16:14:24+00:00\",\"breadcrumb\":{\"@id\":\"https:\\\/\\\/oderbruchmuseum.de\\\/revue-im-dezember\\\/#breadcrumb\"},\"inLanguage\":\"pl-PL\",\"potentialAction\":[{\"@type\":\"ReadAction\",\"target\":[\"https:\\\/\\\/oderbruchmuseum.de\\\/revue-im-dezember\\\/\"]}]},{\"@type\":\"ImageObject\",\"inLanguage\":\"pl-PL\",\"@id\":\"https:\\\/\\\/oderbruchmuseum.de\\\/revue-im-dezember\\\/#primaryimage\",\"url\":\"https:\\\/\\\/oderbruchmuseum.de\\\/wp-content\\\/uploads\\\/2020\\\/05\\\/Veranstaltungen_dorf-im-november-4.jpg\",\"contentUrl\":\"https:\\\/\\\/oderbruchmuseum.de\\\/wp-content\\\/uploads\\\/2020\\\/05\\\/Veranstaltungen_dorf-im-november-4.jpg\",\"width\":800,\"height\":500,\"caption\":\"Besucher\"},{\"@type\":\"BreadcrumbList\",\"@id\":\"https:\\\/\\\/oderbruchmuseum.de\\\/revue-im-dezember\\\/#breadcrumb\",\"itemListElement\":[{\"@type\":\"ListItem\",\"position\":1,\"name\":\"Startseite\",\"item\":\"https:\\\/\\\/oderbruchmuseum.de\\\/\"},{\"@type\":\"ListItem\",\"position\":2,\"name\":\"Abgesagt:Revue im Dezember\"}]},{\"@type\":\"WebSite\",\"@id\":\"https:\\\/\\\/oderbruchmuseum.de\\\/#website\",\"url\":\"https:\\\/\\\/oderbruchmuseum.de\\\/\",\"name\":\"Oderbruchmuseum Altranft\",\"description\":\"Werkstatt f\u00fcr l\u00e4ndliche Kultur\",\"publisher\":{\"@id\":\"https:\\\/\\\/oderbruchmuseum.de\\\/#organization\"},\"potentialAction\":[{\"@type\":\"SearchAction\",\"target\":{\"@type\":\"EntryPoint\",\"urlTemplate\":\"https:\\\/\\\/oderbruchmuseum.de\\\/?s={search_term_string}\"},\"query-input\":{\"@type\":\"PropertyValueSpecification\",\"valueRequired\":true,\"valueName\":\"search_term_string\"}}],\"inLanguage\":\"pl-PL\"},{\"@type\":\"Organization\",\"@id\":\"https:\\\/\\\/oderbruchmuseum.de\\\/#organization\",\"name\":\"Oderbruchmuseum\",\"url\":\"https:\\\/\\\/oderbruchmuseum.de\\\/\",\"logo\":{\"@type\":\"ImageObject\",\"inLanguage\":\"pl-PL\",\"@id\":\"https:\\\/\\\/oderbruchmuseum.de\\\/#\\\/schema\\\/logo\\\/image\\\/\",\"url\":\"https:\\\/\\\/oderbruchmuseum.de\\\/wp-content\\\/uploads\\\/2020\\\/05\\\/rad-oderbruchmuseum.png\",\"contentUrl\":\"https:\\\/\\\/oderbruchmuseum.de\\\/wp-content\\\/uploads\\\/2020\\\/05\\\/rad-oderbruchmuseum.png\",\"width\":487,\"height\":451,\"caption\":\"Oderbruchmuseum\"},\"image\":{\"@id\":\"https:\\\/\\\/oderbruchmuseum.de\\\/#\\\/schema\\\/logo\\\/image\\\/\"},\"sameAs\":[\"https:\\\/\\\/www.facebook.com\\\/oderbruchmuseum\\\/\",\"https:\\\/\\\/www.instagram.com\\\/oderbruchmuseum\\\/\"]},{\"@type\":\"Person\",\"@id\":\"https:\\\/\\\/oderbruchmuseum.de\\\/#\\\/schema\\\/person\\\/93512e3f164d102fa56fa4f3be852903\",\"name\":\"oderbruchmuseum\",\"image\":{\"@type\":\"ImageObject\",\"inLanguage\":\"pl-PL\",\"@id\":\"https:\\\/\\\/secure.gravatar.com\\\/avatar\\\/4cb85b2fcffa9ea28f25b7fb4c0f736311c2de7d30be78953131dbbd284af8bf?s=96&d=mm&r=g\",\"url\":\"https:\\\/\\\/secure.gravatar.com\\\/avatar\\\/4cb85b2fcffa9ea28f25b7fb4c0f736311c2de7d30be78953131dbbd284af8bf?s=96&d=mm&r=g\",\"contentUrl\":\"https:\\\/\\\/secure.gravatar.com\\\/avatar\\\/4cb85b2fcffa9ea28f25b7fb4c0f736311c2de7d30be78953131dbbd284af8bf?s=96&d=mm&r=g\",\"caption\":\"oderbruchmuseum\"},\"url\":\"https:\\\/\\\/oderbruchmuseum.de\\\/pl\\\/author\\\/marenbuhmann\\\/\"}]}<\/script>\n<!-- \/ Yoast SEO plugin. -->","yoast_head_json":{"title":"Anulowano:Rewia w grudniu - Oderbruch Museum Altranft","robots":{"index":"index","follow":"follow","max-snippet":"max-snippet:-1","max-image-preview":"max-image-preview:large","max-video-preview":"max-video-preview:-1"},"canonical":"https:\/\/oderbruchmuseum.de\/pl\/revue-im-dezember\/","og_locale":"pl_PL","og_type":"article","og_title":"Abgesagt:Revue im Dezember - Oderbruch Museum Altranft","og_description":"5. Dezember 2020  Finissage ZettelkastenProjekt - Grog im Schlosspark mit R\u00fcckschau auf die gefeierten Feste Lesung Werkschau Landschaftliche Bildung Offene Museumswerkstatt","og_url":"https:\/\/oderbruchmuseum.de\/pl\/revue-im-dezember\/","og_site_name":"Oderbruch Museum Altranft","article_publisher":"https:\/\/www.facebook.com\/oderbruchmuseum\/","article_published_time":"2020-05-30T10:53:45+00:00","article_modified_time":"2020-11-27T16:14:24+00:00","og_image":[{"width":800,"height":500,"url":"https:\/\/oderbruchmuseum.de\/wp-content\/uploads\/2020\/05\/Veranstaltungen_dorf-im-november-4.jpg","type":"image\/jpeg"}],"author":"oderbruchmuseum","twitter_card":"summary_large_image","twitter_misc":{"Napisane przez":"oderbruchmuseum","Szacowany czas czytania":"1 minuta"},"schema":{"@context":"https:\/\/schema.org","@graph":[{"@type":"Article","@id":"https:\/\/oderbruchmuseum.de\/revue-im-dezember\/#article","isPartOf":{"@id":"https:\/\/oderbruchmuseum.de\/revue-im-dezember\/"},"author":{"name":"oderbruchmuseum","@id":"https:\/\/oderbruchmuseum.de\/#\/schema\/person\/93512e3f164d102fa56fa4f3be852903"},"headline":"Abgesagt:Revue im Dezember","datePublished":"2020-05-30T10:53:45+00:00","dateModified":"2020-11-27T16:14:24+00:00","mainEntityOfPage":{"@id":"https:\/\/oderbruchmuseum.de\/revue-im-dezember\/"},"wordCount":109,"publisher":{"@id":"https:\/\/oderbruchmuseum.de\/#organization"},"image":{"@id":"https:\/\/oderbruchmuseum.de\/revue-im-dezember\/#primaryimage"},"thumbnailUrl":"https:\/\/oderbruchmuseum.de\/wp-content\/uploads\/2020\/05\/Veranstaltungen_dorf-im-november-4.jpg","articleSection":["Programmarchiv"],"inLanguage":"pl-PL"},{"@type":"WebPage","@id":"https:\/\/oderbruchmuseum.de\/revue-im-dezember\/","url":"https:\/\/oderbruchmuseum.de\/revue-im-dezember\/","name":"Anulowano:Rewia w grudniu - Oderbruch Museum Altranft","isPartOf":{"@id":"https:\/\/oderbruchmuseum.de\/#website"},"primaryImageOfPage":{"@id":"https:\/\/oderbruchmuseum.de\/revue-im-dezember\/#primaryimage"},"image":{"@id":"https:\/\/oderbruchmuseum.de\/revue-im-dezember\/#primaryimage"},"thumbnailUrl":"https:\/\/oderbruchmuseum.de\/wp-content\/uploads\/2020\/05\/Veranstaltungen_dorf-im-november-4.jpg","datePublished":"2020-05-30T10:53:45+00:00","dateModified":"2020-11-27T16:14:24+00:00","breadcrumb":{"@id":"https:\/\/oderbruchmuseum.de\/revue-im-dezember\/#breadcrumb"},"inLanguage":"pl-PL","potentialAction":[{"@type":"ReadAction","target":["https:\/\/oderbruchmuseum.de\/revue-im-dezember\/"]}]},{"@type":"ImageObject","inLanguage":"pl-PL","@id":"https:\/\/oderbruchmuseum.de\/revue-im-dezember\/#primaryimage","url":"https:\/\/oderbruchmuseum.de\/wp-content\/uploads\/2020\/05\/Veranstaltungen_dorf-im-november-4.jpg","contentUrl":"https:\/\/oderbruchmuseum.de\/wp-content\/uploads\/2020\/05\/Veranstaltungen_dorf-im-november-4.jpg","width":800,"height":500,"caption":"Besucher"},{"@type":"BreadcrumbList","@id":"https:\/\/oderbruchmuseum.de\/revue-im-dezember\/#breadcrumb","itemListElement":[{"@type":"ListItem","position":1,"name":"Startseite","item":"https:\/\/oderbruchmuseum.de\/"},{"@type":"ListItem","position":2,"name":"Abgesagt:Revue im Dezember"}]},{"@type":"WebSite","@id":"https:\/\/oderbruchmuseum.de\/#website","url":"https:\/\/oderbruchmuseum.de\/","name":"Muzeum Oderbruch Altranft","description":"Warsztaty kultury wiejskiej","publisher":{"@id":"https:\/\/oderbruchmuseum.de\/#organization"},"potentialAction":[{"@type":"SearchAction","target":{"@type":"EntryPoint","urlTemplate":"https:\/\/oderbruchmuseum.de\/?s={search_term_string}"},"query-input":{"@type":"PropertyValueSpecification","valueRequired":true,"valueName":"search_term_string"}}],"inLanguage":"pl-PL"},{"@type":"Organization","@id":"https:\/\/oderbruchmuseum.de\/#organization","name":"Muzeum Oderbruch","url":"https:\/\/oderbruchmuseum.de\/","logo":{"@type":"ImageObject","inLanguage":"pl-PL","@id":"https:\/\/oderbruchmuseum.de\/#\/schema\/logo\/image\/","url":"https:\/\/oderbruchmuseum.de\/wp-content\/uploads\/2020\/05\/rad-oderbruchmuseum.png","contentUrl":"https:\/\/oderbruchmuseum.de\/wp-content\/uploads\/2020\/05\/rad-oderbruchmuseum.png","width":487,"height":451,"caption":"Oderbruchmuseum"},"image":{"@id":"https:\/\/oderbruchmuseum.de\/#\/schema\/logo\/image\/"},"sameAs":["https:\/\/www.facebook.com\/oderbruchmuseum\/","https:\/\/www.instagram.com\/oderbruchmuseum\/"]},{"@type":"Person","@id":"https:\/\/oderbruchmuseum.de\/#\/schema\/person\/93512e3f164d102fa56fa4f3be852903","name":"lub muzeum z\u0142ama\u0144","image":{"@type":"ImageObject","inLanguage":"pl-PL","@id":"https:\/\/secure.gravatar.com\/avatar\/4cb85b2fcffa9ea28f25b7fb4c0f736311c2de7d30be78953131dbbd284af8bf?s=96&d=mm&r=g","url":"https:\/\/secure.gravatar.com\/avatar\/4cb85b2fcffa9ea28f25b7fb4c0f736311c2de7d30be78953131dbbd284af8bf?s=96&d=mm&r=g","contentUrl":"https:\/\/secure.gravatar.com\/avatar\/4cb85b2fcffa9ea28f25b7fb4c0f736311c2de7d30be78953131dbbd284af8bf?s=96&d=mm&r=g","caption":"oderbruchmuseum"},"url":"https:\/\/oderbruchmuseum.de\/pl\/author\/marenbuhmann\/"}]}},"jetpack_featured_media_url":"https:\/\/oderbruchmuseum.de\/wp-content\/uploads\/2020\/05\/Veranstaltungen_dorf-im-november-4.jpg","jetpack_sharing_enabled":true,"_links":{"self":[{"href":"https:\/\/oderbruchmuseum.de\/pl\/wp-json\/wp\/v2\/posts\/305","targetHints":{"allow":["GET"]}}],"collection":[{"href":"https:\/\/oderbruchmuseum.de\/pl\/wp-json\/wp\/v2\/posts"}],"about":[{"href":"https:\/\/oderbruchmuseum.de\/pl\/wp-json\/wp\/v2\/types\/post"}],"author":[{"embeddable":true,"href":"https:\/\/oderbruchmuseum.de\/pl\/wp-json\/wp\/v2\/users\/1"}],"replies":[{"embeddable":true,"href":"https:\/\/oderbruchmuseum.de\/pl\/wp-json\/wp\/v2\/comments?post=305"}],"version-history":[{"count":0,"href":"https:\/\/oderbruchmuseum.de\/pl\/wp-json\/wp\/v2\/posts\/305\/revisions"}],"wp:featuredmedia":[{"embeddable":true,"href":"https:\/\/oderbruchmuseum.de\/pl\/wp-json\/wp\/v2\/media\/4560"}],"wp:attachment":[{"href":"https:\/\/oderbruchmuseum.de\/pl\/wp-json\/wp\/v2\/media?parent=305"}],"wp:term":[{"taxonomy":"category","embeddable":true,"href":"https:\/\/oderbruchmuseum.de\/pl\/wp-json\/wp\/v2\/categories?post=305"},{"taxonomy":"post_tag","embeddable":true,"href":"https:\/\/oderbruchmuseum.de\/pl\/wp-json\/wp\/v2\/tags?post=305"}],"curies":[{"name":"wp","href":"https:\/\/api.w.org\/{rel}","templated":true}]}}