{"id":15421,"date":"2025-12-05T09:41:19","date_gmt":"2025-12-05T08:41:19","guid":{"rendered":"https:\/\/oderbruchmuseum.de\/?p=15421"},"modified":"2026-01-21T16:05:16","modified_gmt":"2026-01-21T15:05:16","slug":"das-jahresthema-2026-energie","status":"publish","type":"post","link":"https:\/\/oderbruchmuseum.de\/pl\/das-jahresthema-2026-energie\/","title":{"rendered":"Temat energii na rok 2026"},"content":{"rendered":"<figure class=\"wp-block-image size-full is-resized\"><img loading=\"lazy\" decoding=\"async\" width=\"800\" height=\"533\" data-attachment-id=\"15423\" data-permalink=\"https:\/\/oderbruchmuseum.de\/pl\/das-jahresthema-2026-energie\/gut-altranft_eschenbachzeit-kopie\/\" data-orig-file=\"https:\/\/oderbruchmuseum.de\/wp-content\/uploads\/2025\/12\/Gut-Altranft_Eschenbachzeit-Kopie.webp\" data-orig-size=\"800,533\" data-comments-opened=\"0\" data-image-meta=\"{&quot;aperture&quot;:&quot;0&quot;,&quot;credit&quot;:&quot;&quot;,&quot;camera&quot;:&quot;&quot;,&quot;caption&quot;:&quot;&quot;,&quot;created_timestamp&quot;:&quot;0&quot;,&quot;copyright&quot;:&quot;&quot;,&quot;focal_length&quot;:&quot;0&quot;,&quot;iso&quot;:&quot;0&quot;,&quot;shutter_speed&quot;:&quot;0&quot;,&quot;title&quot;:&quot;&quot;,&quot;orientation&quot;:&quot;0&quot;}\" data-image-title=\"Gut Altranft_Eschenbachzeit Kopie\" data-image-description=\"\" data-image-caption=\"\" data-large-file=\"https:\/\/oderbruchmuseum.de\/wp-content\/uploads\/2025\/12\/Gut-Altranft_Eschenbachzeit-Kopie.webp\" src=\"https:\/\/oderbruchmuseum.de\/wp-content\/uploads\/2025\/12\/Gut-Altranft_Eschenbachzeit-Kopie.webp\" alt=\"\" class=\"wp-image-15423\" style=\"width:880px;height:auto\" srcset=\"https:\/\/oderbruchmuseum.de\/wp-content\/uploads\/2025\/12\/Gut-Altranft_Eschenbachzeit-Kopie.webp 800w, https:\/\/oderbruchmuseum.de\/wp-content\/uploads\/2025\/12\/Gut-Altranft_Eschenbachzeit-Kopie-300x200.webp 300w, https:\/\/oderbruchmuseum.de\/wp-content\/uploads\/2025\/12\/Gut-Altranft_Eschenbachzeit-Kopie-768x512.webp 768w, https:\/\/oderbruchmuseum.de\/wp-content\/uploads\/2025\/12\/Gut-Altranft_Eschenbachzeit-Kopie-18x12.webp 18w\" sizes=\"auto, (max-width: 800px) 100vw, 800px\" \/><figcaption class=\"wp-element-caption\">Zdj\u0119cie: Archiwum Oderbruchmuseum<\/figcaption><\/figure>\n\n\n\n<h3 class=\"wp-block-heading\">Bez energii nic nie dzia\u0142a, \u017cadne zaw\u0142aszczanie przestrzeni si\u0119 nie udaje, \u017cadna spo\u0142eczno\u015b\u0107 nie ro\u015bnie, \u017caden dom, \u017cadna farma, \u017cadna wioska, \u017cadne spo\u0142ecze\u0144stwo, \u017caden krajobraz nie zyskuje swojego szczeg\u00f3lnego kszta\u0142tu.&nbsp;<\/h3>\n\n\n\n<p>Istniej\u0105 r\u00f3\u017cne \u017ar\u00f3d\u0142a i magazyny energii: my, ludzie, zwierz\u0119ta gospodarskie i uprawy (odnawialne na polach i w stodo\u0142ach, a tak\u017ce skoagulowane w ropie naftowej, w\u0119glu i gazie), jest woda, wiatr i s\u0142o\u0144ce, energia geotermalna, biogaz... Wynaleziono wiele rozwi\u0105za\u0144 technicznych, aby energia w r\u00f3\u017cnych formach by\u0142a u\u017cyteczna dla nas, ludzi, i aby dostarczy\u0107 j\u0105 do miejsc, w kt\u00f3rych energia jest potrzebna do naszego \u017cycia. Wszyscy m\u00f3wi\u0105 o odnawialnych \u017ar\u00f3d\u0142ach energii i ich rozwoju, ale ma\u0142o kto m\u00f3wi o dzia\u0142aniach, do kt\u00f3rych ta energia jest potrzebna.<\/p>\n\n\n\n<p>Jak wygl\u0105da\u0142a sytuacja energetyczna w Oderbruch wczoraj i przedwczoraj, jak wygl\u0105da dzisiaj i jak mo\u017ce wygl\u0105da\u0107 w przysz\u0142o\u015bci? Wraz z corocznym tematem ENERGIA chcemy rozpocz\u0105\u0107 poszukiwanie wskaz\u00f3wek, jak rozwija\u0142a si\u0119 sytuacja energetyczna w Oderbruch, jakie formy mo\u017cna znale\u017a\u0107 dzisiaj i zapyta\u0107, co by\u0142oby po\u017c\u0105dane w przysz\u0142o\u015bci.<\/p>\n\n\n\n<p>Chcemy szuka\u0107 \u015blad\u00f3w element\u00f3w systemu energetycznego w Oderbruch:&nbsp;<br>Gdzie mo\u017cna jeszcze znale\u017a\u0107 historyczne elementy: konne silniki parowe z przek\u0142adni\u0105, stare wiatraki, m\u0142yny wodne, czy jest jeszcze ci\u0119\u017car\u00f3wka zgazowuj\u0105ca drewno, p\u0142ug parowy? Wydobycie w\u0119gla brunatnego w pobli\u017cu Bad Freienwalde, kt\u00f3re trwa\u0142o do czas\u00f3w powojennych, jest r\u00f3wnie\u017c cz\u0119\u015bci\u0105 tej historii. Czy wycinano torf na opa\u0142? <br>Czy s\u0105 miejsca, w kt\u00f3rych mo\u017cna dostrzec moc naturalnej energii: jezioro wyp\u0142ukane przez powodzie, wiatrochron na wzg\u00f3rzu na skraju Oderbruch lub samotny w szerokim krajobrazie, piaszczyste wa\u0142y w Odrze, gruzy Starej Odry (\"R\u00e4hnen\"), wiatrochron?<br>Jak wygl\u0105daj\u0105 obecne elementy systemu energetycznego w Oderbruch? Gdzie s\u0105 pojedyncze turbiny wiatrowe, gdzie s\u0105 grupy turbin wiatrowych, gdzie by\u0142a pierwsza turbina wiatrowa w Oderbruch? Gdzie s\u0105 systemy fotowoltaiczne, na dachach, w ogrodach, na polach... Stacje transformatorowe, linie napowietrzne, magazyny itp. s\u0105 potrzebne do transportu tej energii i, je\u015bli to konieczne, do jej przechowywania. A co z biogazowniami? Gdzie trafia ciep\u0142o i energia elektryczna?  Czy s\u0105 one cz\u0119\u015bci\u0105 cykli rolniczych, czy zasilaj\u0105 miejskie sieci ciep\u0142ownicze, takie jak w Neutrebbin?<br>Jak wysoka jest kukurydza, czy lepiej przetwarza si\u0119 po wysuszeniu na polu? Kt\u00f3re ro\u015bliny s\u0105 nadal wykorzystywane do produkcji energii? Czy w Oderbruch istniej\u0105 plantacje o kr\u00f3tkiej rotacji?<br>Czy buraki cukrowe do produkcji energii r\u00f3\u017cni\u0105 si\u0119 od tych do produkcji cukru surowego?<\/p>\n\n\n\n<p>Ludzie s\u0105 zawsze cz\u0119\u015bci\u0105 system\u00f3w energetycznych: Jak wygl\u0105da ich praca w systemach? Co robi mechatronik, kt\u00f3ry konserwuje turbiny wiatrowe, co robi technik maszyn rolniczych w biogazowni, jaki jest najlepszy spos\u00f3b r\u0105bania drewna do pieca, jak to jest mieszka\u0107 w domu o zerowym zu\u017cyciu energii i jak wygl\u0105da taki dom? Jak zbudowana jest turbina wiatrowa? Jak dzia\u0142a firma instaluj\u0105ca systemy fotowoltaiczne i solarne lub pompy ciep\u0142a? Kto nadal produkuje drewno opa\u0142owe z ochrony krajobrazu lub w\u0142asnego lasu? Gdzie przebiegaj\u0105 gazoci\u0105gi i ropoci\u0105gi i jak mo\u017cna rozpozna\u0107 ich tras\u0119? Co sta\u0142o si\u0119 z wydobyciem ropy naftowej ze z\u0142o\u017ca Kietz w pobli\u017cu Neumanschnow, czy ropa i gaz nadal tu p\u0142yn\u0105 i dok\u0105d? Kt\u00f3ry rolnik nadal korzysta z \u017cywej si\u0142y poci\u0105gowej? Czy jest kto\u015b, kto zbudowa\u0142 w\u0142asn\u0105 ma\u0142\u0105 turbin\u0119 wiatrow\u0105? Jak to jest mieszka\u0107 w centrum lub na obrze\u017cach zak\u0142ad\u00f3w produkuj\u0105cych energi\u0119?<\/p>\n\n\n\n<p>Jakie konflikty przestrzenne dotycz\u0105ce wykorzystania energii istnia\u0142y, jakie istniej\u0105 i czy nale\u017cy spodziewa\u0107 si\u0119 nowych? Czy zat\u0142aczanie CO2 (technologia CCS) w wyniku spalania w\u0119gla jest definitywnie wykluczone dla Oderbruch? Kiedy krajobraz Oderbruch jest nara\u017cony na ryzyko, \u017ce zak\u0142ady produkcji energii zmieni\u0105 jego historyczn\u0105 czytelno\u015b\u0107? Kiedy krajobraz kulturowy staje si\u0119 krajobrazem energetycznym - lub czy krajobraz kulturowy jest wart ochrony jako konstrukt ochrony przyrody i dziedzictwa w\u0142a\u015bnie dlatego, \u017ce przemys\u0142owa produkcja energii nie znalaz\u0142a tu jeszcze punktu wyj\u015bcia?<br>Czy istnieje ludzka miara dla organizacji warunk\u00f3w energetycznych w Oderbruch? Jak mia\u0142oby to wygl\u0105da\u0107?<br>Wi\u0119cej informacji na temat rocznego programu 2026 wkr\u00f3tce<\/p>\n\n\n\n<div class=\"wp-block-media-text is-stacked-on-mobile is-vertically-aligned-top\" style=\"grid-template-columns:24% auto\"><figure class=\"wp-block-media-text__media\"><a href=\"https:\/\/oderbruchmuseum.de\/wp-content\/uploads\/2025\/12\/Energie-und-Oderbruch-web.pdf\"><img loading=\"lazy\" decoding=\"async\" width=\"1810\" height=\"2560\" data-attachment-id=\"15464\" data-permalink=\"https:\/\/oderbruchmuseum.de\/pl\/das-jahresthema-2026-energie\/energie-titelseite2\/\" data-orig-file=\"https:\/\/oderbruchmuseum.de\/wp-content\/uploads\/2025\/12\/Energie-Titelseite2-scaled.png\" data-orig-size=\"1810,2560\" data-comments-opened=\"0\" data-image-meta=\"{&quot;aperture&quot;:&quot;0&quot;,&quot;credit&quot;:&quot;&quot;,&quot;camera&quot;:&quot;&quot;,&quot;caption&quot;:&quot;&quot;,&quot;created_timestamp&quot;:&quot;0&quot;,&quot;copyright&quot;:&quot;&quot;,&quot;focal_length&quot;:&quot;0&quot;,&quot;iso&quot;:&quot;0&quot;,&quot;shutter_speed&quot;:&quot;0&quot;,&quot;title&quot;:&quot;&quot;,&quot;orientation&quot;:&quot;0&quot;}\" data-image-title=\"Energie-Titelseite2\" data-image-description=\"\" data-image-caption=\"\" data-large-file=\"https:\/\/oderbruchmuseum.de\/wp-content\/uploads\/2025\/12\/Energie-Titelseite2-724x1024.png\" src=\"https:\/\/oderbruchmuseum.de\/wp-content\/uploads\/2025\/12\/Energie-Titelseite2-scaled.png\" alt=\"\" class=\"wp-image-15464 size-full\" srcset=\"https:\/\/oderbruchmuseum.de\/wp-content\/uploads\/2025\/12\/Energie-Titelseite2-scaled.png 1810w, https:\/\/oderbruchmuseum.de\/wp-content\/uploads\/2025\/12\/Energie-Titelseite2-212x300.png 212w, https:\/\/oderbruchmuseum.de\/wp-content\/uploads\/2025\/12\/Energie-Titelseite2-724x1024.png 724w, https:\/\/oderbruchmuseum.de\/wp-content\/uploads\/2025\/12\/Energie-Titelseite2-768x1086.png 768w, https:\/\/oderbruchmuseum.de\/wp-content\/uploads\/2025\/12\/Energie-Titelseite2-1086x1536.png 1086w, https:\/\/oderbruchmuseum.de\/wp-content\/uploads\/2025\/12\/Energie-Titelseite2-1448x2048.png 1448w, https:\/\/oderbruchmuseum.de\/wp-content\/uploads\/2025\/12\/Energie-Titelseite2-8x12.png 8w\" sizes=\"auto, (max-width: 1810px) 100vw, 1810px\" \/><\/a><\/figure><div class=\"wp-block-media-text__content\">\n<p style=\"padding-top:var(--wp--preset--spacing--20);padding-right:var(--wp--preset--spacing--80)\">Zbi\u00f3r ponad 100 stron po\u015bwi\u0119conych corocznemu tematowi ENERGIA <br>znajdziesz <a href=\"https:\/\/oderbruchmuseum.de\/wp-content\/uploads\/2025\/12\/Energie-und-Oderbruch-web.pdf\" target=\"_blank\" rel=\"noreferrer noopener\">tutaj<\/a>. <br>Niniejszy zbi\u00f3r zawiera spostrze\u017cenia z r\u00f3\u017cnych perspektyw na r\u00f3\u017cne tematy i nie ro\u015bci sobie pretensji do obj\u0119cia szerokiej dziedziny energii i krajobrazu w Oderbruch w ca\u0142o\u015bci. Jest to wst\u0119p.<\/p>\n<\/div><\/div>\n\n\n\n<p><\/p>\n\n\n\n<p><\/p>\n\n\n\n<p><\/p>","protected":false},"excerpt":{"rendered":"<p>Nic nie dzia\u0142a bez energii - jaka by\u0142a i jest sytuacja energetyczna w Oderbruch?<\/p>","protected":false},"author":1,"featured_media":15423,"comment_status":"closed","ping_status":"closed","sticky":false,"template":"","format":"standard","meta":{"inline_featured_image":false,"_jetpack_memberships_contains_paid_content":false,"footnotes":""},"categories":[129],"tags":[],"class_list":["post-15421","post","type-post","status-publish","format-standard","has-post-thumbnail","hentry","category-jahresthema"],"yoast_head":"<!-- This site is optimized with the Yoast SEO plugin v27.4 - https:\/\/yoast.com\/product\/yoast-seo-wordpress\/ -->\n<title>Das Jahresthema 2026 Energie - Oderbruch Museum Altranft<\/title>\n<meta name=\"robots\" content=\"index, follow, max-snippet:-1, max-image-preview:large, max-video-preview:-1\" \/>\n<link rel=\"canonical\" href=\"https:\/\/oderbruchmuseum.de\/pl\/das-jahresthema-2026-energie\/\" \/>\n<meta property=\"og:locale\" content=\"pl_PL\" \/>\n<meta property=\"og:type\" content=\"article\" \/>\n<meta property=\"og:title\" content=\"Das Jahresthema 2026 Energie - Oderbruch Museum Altranft\" \/>\n<meta property=\"og:description\" content=\"Ohne Energie geht nichts \u2013 wie sahen und sehen die Energieverh\u00e4ltnisse im Oderbruch aus?\" \/>\n<meta property=\"og:url\" content=\"https:\/\/oderbruchmuseum.de\/pl\/das-jahresthema-2026-energie\/\" \/>\n<meta property=\"og:site_name\" content=\"Oderbruch Museum Altranft\" \/>\n<meta property=\"article:publisher\" content=\"https:\/\/www.facebook.com\/oderbruchmuseum\/\" \/>\n<meta property=\"article:published_time\" content=\"2025-12-05T08:41:19+00:00\" \/>\n<meta property=\"article:modified_time\" content=\"2026-01-21T15:05:16+00:00\" \/>\n<meta property=\"og:image\" content=\"https:\/\/oderbruchmuseum.de\/wp-content\/uploads\/2025\/12\/Gut-Altranft_Eschenbachzeit-Kopie.webp\" \/>\n\t<meta property=\"og:image:width\" content=\"800\" \/>\n\t<meta property=\"og:image:height\" content=\"533\" \/>\n\t<meta property=\"og:image:type\" content=\"image\/webp\" \/>\n<meta name=\"author\" content=\"oderbruchmuseum\" \/>\n<meta name=\"twitter:card\" content=\"summary_large_image\" \/>\n<meta name=\"twitter:label1\" content=\"Napisane przez\" \/>\n\t<meta name=\"twitter:data1\" content=\"oderbruchmuseum\" \/>\n\t<meta name=\"twitter:label2\" content=\"Szacowany czas czytania\" \/>\n\t<meta name=\"twitter:data2\" content=\"5 minut\" \/>\n<script type=\"application\/ld+json\" class=\"yoast-schema-graph\">{\"@context\":\"https:\\\/\\\/schema.org\",\"@graph\":[{\"@type\":\"Article\",\"@id\":\"https:\\\/\\\/oderbruchmuseum.de\\\/das-jahresthema-2026-energie\\\/#article\",\"isPartOf\":{\"@id\":\"https:\\\/\\\/oderbruchmuseum.de\\\/das-jahresthema-2026-energie\\\/\"},\"author\":{\"name\":\"oderbruchmuseum\",\"@id\":\"https:\\\/\\\/oderbruchmuseum.de\\\/#\\\/schema\\\/person\\\/93512e3f164d102fa56fa4f3be852903\"},\"headline\":\"Das Jahresthema 2026 Energie\",\"datePublished\":\"2025-12-05T08:41:19+00:00\",\"dateModified\":\"2026-01-21T15:05:16+00:00\",\"mainEntityOfPage\":{\"@id\":\"https:\\\/\\\/oderbruchmuseum.de\\\/das-jahresthema-2026-energie\\\/\"},\"wordCount\":692,\"publisher\":{\"@id\":\"https:\\\/\\\/oderbruchmuseum.de\\\/#organization\"},\"image\":{\"@id\":\"https:\\\/\\\/oderbruchmuseum.de\\\/das-jahresthema-2026-energie\\\/#primaryimage\"},\"thumbnailUrl\":\"https:\\\/\\\/oderbruchmuseum.de\\\/wp-content\\\/uploads\\\/2025\\\/12\\\/Gut-Altranft_Eschenbachzeit-Kopie.webp\",\"articleSection\":[\"Jahresthema\"],\"inLanguage\":\"pl-PL\"},{\"@type\":\"WebPage\",\"@id\":\"https:\\\/\\\/oderbruchmuseum.de\\\/das-jahresthema-2026-energie\\\/\",\"url\":\"https:\\\/\\\/oderbruchmuseum.de\\\/das-jahresthema-2026-energie\\\/\",\"name\":\"Das Jahresthema 2026 Energie - Oderbruch Museum Altranft\",\"isPartOf\":{\"@id\":\"https:\\\/\\\/oderbruchmuseum.de\\\/#website\"},\"primaryImageOfPage\":{\"@id\":\"https:\\\/\\\/oderbruchmuseum.de\\\/das-jahresthema-2026-energie\\\/#primaryimage\"},\"image\":{\"@id\":\"https:\\\/\\\/oderbruchmuseum.de\\\/das-jahresthema-2026-energie\\\/#primaryimage\"},\"thumbnailUrl\":\"https:\\\/\\\/oderbruchmuseum.de\\\/wp-content\\\/uploads\\\/2025\\\/12\\\/Gut-Altranft_Eschenbachzeit-Kopie.webp\",\"datePublished\":\"2025-12-05T08:41:19+00:00\",\"dateModified\":\"2026-01-21T15:05:16+00:00\",\"breadcrumb\":{\"@id\":\"https:\\\/\\\/oderbruchmuseum.de\\\/das-jahresthema-2026-energie\\\/#breadcrumb\"},\"inLanguage\":\"pl-PL\",\"potentialAction\":[{\"@type\":\"ReadAction\",\"target\":[\"https:\\\/\\\/oderbruchmuseum.de\\\/das-jahresthema-2026-energie\\\/\"]}]},{\"@type\":\"ImageObject\",\"inLanguage\":\"pl-PL\",\"@id\":\"https:\\\/\\\/oderbruchmuseum.de\\\/das-jahresthema-2026-energie\\\/#primaryimage\",\"url\":\"https:\\\/\\\/oderbruchmuseum.de\\\/wp-content\\\/uploads\\\/2025\\\/12\\\/Gut-Altranft_Eschenbachzeit-Kopie.webp\",\"contentUrl\":\"https:\\\/\\\/oderbruchmuseum.de\\\/wp-content\\\/uploads\\\/2025\\\/12\\\/Gut-Altranft_Eschenbachzeit-Kopie.webp\",\"width\":800,\"height\":533},{\"@type\":\"BreadcrumbList\",\"@id\":\"https:\\\/\\\/oderbruchmuseum.de\\\/das-jahresthema-2026-energie\\\/#breadcrumb\",\"itemListElement\":[{\"@type\":\"ListItem\",\"position\":1,\"name\":\"Startseite\",\"item\":\"https:\\\/\\\/oderbruchmuseum.de\\\/\"},{\"@type\":\"ListItem\",\"position\":2,\"name\":\"Das Jahresthema 2026 Energie\"}]},{\"@type\":\"WebSite\",\"@id\":\"https:\\\/\\\/oderbruchmuseum.de\\\/#website\",\"url\":\"https:\\\/\\\/oderbruchmuseum.de\\\/\",\"name\":\"Oderbruchmuseum Altranft\",\"description\":\"Werkstatt f\u00fcr l\u00e4ndliche Kultur\",\"publisher\":{\"@id\":\"https:\\\/\\\/oderbruchmuseum.de\\\/#organization\"},\"potentialAction\":[{\"@type\":\"SearchAction\",\"target\":{\"@type\":\"EntryPoint\",\"urlTemplate\":\"https:\\\/\\\/oderbruchmuseum.de\\\/?s={search_term_string}\"},\"query-input\":{\"@type\":\"PropertyValueSpecification\",\"valueRequired\":true,\"valueName\":\"search_term_string\"}}],\"inLanguage\":\"pl-PL\"},{\"@type\":\"Organization\",\"@id\":\"https:\\\/\\\/oderbruchmuseum.de\\\/#organization\",\"name\":\"Oderbruchmuseum\",\"url\":\"https:\\\/\\\/oderbruchmuseum.de\\\/\",\"logo\":{\"@type\":\"ImageObject\",\"inLanguage\":\"pl-PL\",\"@id\":\"https:\\\/\\\/oderbruchmuseum.de\\\/#\\\/schema\\\/logo\\\/image\\\/\",\"url\":\"https:\\\/\\\/oderbruchmuseum.de\\\/wp-content\\\/uploads\\\/2020\\\/05\\\/rad-oderbruchmuseum.png\",\"contentUrl\":\"https:\\\/\\\/oderbruchmuseum.de\\\/wp-content\\\/uploads\\\/2020\\\/05\\\/rad-oderbruchmuseum.png\",\"width\":487,\"height\":451,\"caption\":\"Oderbruchmuseum\"},\"image\":{\"@id\":\"https:\\\/\\\/oderbruchmuseum.de\\\/#\\\/schema\\\/logo\\\/image\\\/\"},\"sameAs\":[\"https:\\\/\\\/www.facebook.com\\\/oderbruchmuseum\\\/\",\"https:\\\/\\\/www.instagram.com\\\/oderbruchmuseum\\\/\"]},{\"@type\":\"Person\",\"@id\":\"https:\\\/\\\/oderbruchmuseum.de\\\/#\\\/schema\\\/person\\\/93512e3f164d102fa56fa4f3be852903\",\"name\":\"oderbruchmuseum\",\"image\":{\"@type\":\"ImageObject\",\"inLanguage\":\"pl-PL\",\"@id\":\"https:\\\/\\\/secure.gravatar.com\\\/avatar\\\/4cb85b2fcffa9ea28f25b7fb4c0f736311c2de7d30be78953131dbbd284af8bf?s=96&d=mm&r=g\",\"url\":\"https:\\\/\\\/secure.gravatar.com\\\/avatar\\\/4cb85b2fcffa9ea28f25b7fb4c0f736311c2de7d30be78953131dbbd284af8bf?s=96&d=mm&r=g\",\"contentUrl\":\"https:\\\/\\\/secure.gravatar.com\\\/avatar\\\/4cb85b2fcffa9ea28f25b7fb4c0f736311c2de7d30be78953131dbbd284af8bf?s=96&d=mm&r=g\",\"caption\":\"oderbruchmuseum\"},\"url\":\"https:\\\/\\\/oderbruchmuseum.de\\\/pl\\\/author\\\/marenbuhmann\\\/\"}]}<\/script>\n<!-- \/ Yoast SEO plugin. -->","yoast_head_json":{"title":"Das Jahresthema 2026 Energie - Oderbruch Museum Altranft","robots":{"index":"index","follow":"follow","max-snippet":"max-snippet:-1","max-image-preview":"max-image-preview:large","max-video-preview":"max-video-preview:-1"},"canonical":"https:\/\/oderbruchmuseum.de\/pl\/das-jahresthema-2026-energie\/","og_locale":"pl_PL","og_type":"article","og_title":"Das Jahresthema 2026 Energie - Oderbruch Museum Altranft","og_description":"Ohne Energie geht nichts \u2013 wie sahen und sehen die Energieverh\u00e4ltnisse im Oderbruch aus?","og_url":"https:\/\/oderbruchmuseum.de\/pl\/das-jahresthema-2026-energie\/","og_site_name":"Oderbruch Museum Altranft","article_publisher":"https:\/\/www.facebook.com\/oderbruchmuseum\/","article_published_time":"2025-12-05T08:41:19+00:00","article_modified_time":"2026-01-21T15:05:16+00:00","og_image":[{"width":800,"height":533,"url":"https:\/\/oderbruchmuseum.de\/wp-content\/uploads\/2025\/12\/Gut-Altranft_Eschenbachzeit-Kopie.webp","type":"image\/webp"}],"author":"oderbruchmuseum","twitter_card":"summary_large_image","twitter_misc":{"Napisane przez":"oderbruchmuseum","Szacowany czas czytania":"5 minut"},"schema":{"@context":"https:\/\/schema.org","@graph":[{"@type":"Article","@id":"https:\/\/oderbruchmuseum.de\/das-jahresthema-2026-energie\/#article","isPartOf":{"@id":"https:\/\/oderbruchmuseum.de\/das-jahresthema-2026-energie\/"},"author":{"name":"oderbruchmuseum","@id":"https:\/\/oderbruchmuseum.de\/#\/schema\/person\/93512e3f164d102fa56fa4f3be852903"},"headline":"Das Jahresthema 2026 Energie","datePublished":"2025-12-05T08:41:19+00:00","dateModified":"2026-01-21T15:05:16+00:00","mainEntityOfPage":{"@id":"https:\/\/oderbruchmuseum.de\/das-jahresthema-2026-energie\/"},"wordCount":692,"publisher":{"@id":"https:\/\/oderbruchmuseum.de\/#organization"},"image":{"@id":"https:\/\/oderbruchmuseum.de\/das-jahresthema-2026-energie\/#primaryimage"},"thumbnailUrl":"https:\/\/oderbruchmuseum.de\/wp-content\/uploads\/2025\/12\/Gut-Altranft_Eschenbachzeit-Kopie.webp","articleSection":["Jahresthema"],"inLanguage":"pl-PL"},{"@type":"WebPage","@id":"https:\/\/oderbruchmuseum.de\/das-jahresthema-2026-energie\/","url":"https:\/\/oderbruchmuseum.de\/das-jahresthema-2026-energie\/","name":"Das Jahresthema 2026 Energie - Oderbruch Museum Altranft","isPartOf":{"@id":"https:\/\/oderbruchmuseum.de\/#website"},"primaryImageOfPage":{"@id":"https:\/\/oderbruchmuseum.de\/das-jahresthema-2026-energie\/#primaryimage"},"image":{"@id":"https:\/\/oderbruchmuseum.de\/das-jahresthema-2026-energie\/#primaryimage"},"thumbnailUrl":"https:\/\/oderbruchmuseum.de\/wp-content\/uploads\/2025\/12\/Gut-Altranft_Eschenbachzeit-Kopie.webp","datePublished":"2025-12-05T08:41:19+00:00","dateModified":"2026-01-21T15:05:16+00:00","breadcrumb":{"@id":"https:\/\/oderbruchmuseum.de\/das-jahresthema-2026-energie\/#breadcrumb"},"inLanguage":"pl-PL","potentialAction":[{"@type":"ReadAction","target":["https:\/\/oderbruchmuseum.de\/das-jahresthema-2026-energie\/"]}]},{"@type":"ImageObject","inLanguage":"pl-PL","@id":"https:\/\/oderbruchmuseum.de\/das-jahresthema-2026-energie\/#primaryimage","url":"https:\/\/oderbruchmuseum.de\/wp-content\/uploads\/2025\/12\/Gut-Altranft_Eschenbachzeit-Kopie.webp","contentUrl":"https:\/\/oderbruchmuseum.de\/wp-content\/uploads\/2025\/12\/Gut-Altranft_Eschenbachzeit-Kopie.webp","width":800,"height":533},{"@type":"BreadcrumbList","@id":"https:\/\/oderbruchmuseum.de\/das-jahresthema-2026-energie\/#breadcrumb","itemListElement":[{"@type":"ListItem","position":1,"name":"Startseite","item":"https:\/\/oderbruchmuseum.de\/"},{"@type":"ListItem","position":2,"name":"Das Jahresthema 2026 Energie"}]},{"@type":"WebSite","@id":"https:\/\/oderbruchmuseum.de\/#website","url":"https:\/\/oderbruchmuseum.de\/","name":"Muzeum Oderbruch Altranft","description":"Warsztaty kultury wiejskiej","publisher":{"@id":"https:\/\/oderbruchmuseum.de\/#organization"},"potentialAction":[{"@type":"SearchAction","target":{"@type":"EntryPoint","urlTemplate":"https:\/\/oderbruchmuseum.de\/?s={search_term_string}"},"query-input":{"@type":"PropertyValueSpecification","valueRequired":true,"valueName":"search_term_string"}}],"inLanguage":"pl-PL"},{"@type":"Organization","@id":"https:\/\/oderbruchmuseum.de\/#organization","name":"Muzeum Oderbruch","url":"https:\/\/oderbruchmuseum.de\/","logo":{"@type":"ImageObject","inLanguage":"pl-PL","@id":"https:\/\/oderbruchmuseum.de\/#\/schema\/logo\/image\/","url":"https:\/\/oderbruchmuseum.de\/wp-content\/uploads\/2020\/05\/rad-oderbruchmuseum.png","contentUrl":"https:\/\/oderbruchmuseum.de\/wp-content\/uploads\/2020\/05\/rad-oderbruchmuseum.png","width":487,"height":451,"caption":"Oderbruchmuseum"},"image":{"@id":"https:\/\/oderbruchmuseum.de\/#\/schema\/logo\/image\/"},"sameAs":["https:\/\/www.facebook.com\/oderbruchmuseum\/","https:\/\/www.instagram.com\/oderbruchmuseum\/"]},{"@type":"Person","@id":"https:\/\/oderbruchmuseum.de\/#\/schema\/person\/93512e3f164d102fa56fa4f3be852903","name":"lub muzeum z\u0142ama\u0144","image":{"@type":"ImageObject","inLanguage":"pl-PL","@id":"https:\/\/secure.gravatar.com\/avatar\/4cb85b2fcffa9ea28f25b7fb4c0f736311c2de7d30be78953131dbbd284af8bf?s=96&d=mm&r=g","url":"https:\/\/secure.gravatar.com\/avatar\/4cb85b2fcffa9ea28f25b7fb4c0f736311c2de7d30be78953131dbbd284af8bf?s=96&d=mm&r=g","contentUrl":"https:\/\/secure.gravatar.com\/avatar\/4cb85b2fcffa9ea28f25b7fb4c0f736311c2de7d30be78953131dbbd284af8bf?s=96&d=mm&r=g","caption":"oderbruchmuseum"},"url":"https:\/\/oderbruchmuseum.de\/pl\/author\/marenbuhmann\/"}]}},"jetpack_featured_media_url":"https:\/\/oderbruchmuseum.de\/wp-content\/uploads\/2025\/12\/Gut-Altranft_Eschenbachzeit-Kopie.webp","jetpack_sharing_enabled":true,"_links":{"self":[{"href":"https:\/\/oderbruchmuseum.de\/pl\/wp-json\/wp\/v2\/posts\/15421","targetHints":{"allow":["GET"]}}],"collection":[{"href":"https:\/\/oderbruchmuseum.de\/pl\/wp-json\/wp\/v2\/posts"}],"about":[{"href":"https:\/\/oderbruchmuseum.de\/pl\/wp-json\/wp\/v2\/types\/post"}],"author":[{"embeddable":true,"href":"https:\/\/oderbruchmuseum.de\/pl\/wp-json\/wp\/v2\/users\/1"}],"replies":[{"embeddable":true,"href":"https:\/\/oderbruchmuseum.de\/pl\/wp-json\/wp\/v2\/comments?post=15421"}],"version-history":[{"count":0,"href":"https:\/\/oderbruchmuseum.de\/pl\/wp-json\/wp\/v2\/posts\/15421\/revisions"}],"wp:featuredmedia":[{"embeddable":true,"href":"https:\/\/oderbruchmuseum.de\/pl\/wp-json\/wp\/v2\/media\/15423"}],"wp:attachment":[{"href":"https:\/\/oderbruchmuseum.de\/pl\/wp-json\/wp\/v2\/media?parent=15421"}],"wp:term":[{"taxonomy":"category","embeddable":true,"href":"https:\/\/oderbruchmuseum.de\/pl\/wp-json\/wp\/v2\/categories?post=15421"},{"taxonomy":"post_tag","embeddable":true,"href":"https:\/\/oderbruchmuseum.de\/pl\/wp-json\/wp\/v2\/tags?post=15421"}],"curies":[{"name":"wp","href":"https:\/\/api.w.org\/{rel}","templated":true}]}}