{"id":1432,"date":"2020-06-03T12:36:16","date_gmt":"2020-06-03T10:36:16","guid":{"rendered":"http:\/\/test.oderbruchmuseum.de\/?p=1432"},"modified":"2026-02-18T13:54:33","modified_gmt":"2026-02-18T12:54:33","slug":"info-material","status":"publish","type":"post","link":"https:\/\/oderbruchmuseum.de\/pl\/info-material\/","title":{"rendered":"Biblioteka do pobrania"},"content":{"rendered":"<h2 class=\"wp-block-heading\">Muzeum&nbsp;<\/h2>\n\n\n\n<div class=\"wp-block-columns is-layout-flex wp-container-core-columns-is-layout-9d6595d7 wp-block-columns-is-layout-flex\">\n<div class=\"wp-block-column is-layout-flow wp-block-column-is-layout-flow\">\n<h3 class=\"wp-block-heading\">Program roczny<\/h3>\n\n\n\n<p><a href=\"https:\/\/oderbruchmuseum.de\/wp-content\/uploads\/2020\/06\/WEB_OMA-Jahresprogramm.pdf\" target=\"_blank\" rel=\"noreferrer noopener\"><strong>&lt;&lt;&lt; Roczny program na rok 2026<\/strong><\/a><br><a href=\"https:\/\/oderbruchmuseum.de\/wp-content\/uploads\/2025\/01\/web-2025_OMA-Jahresprogramm.pdf\" target=\"_blank\" rel=\"noreferrer noopener\">&lt;&lt;&lt; Roczny program na rok 2025 <\/a><br><a href=\"https:\/\/oderbruchmuseum.de\/wp-content\/uploads\/2024\/01\/OMA-Jahresprogramm-web-.pdf\" target=\"_blank\" rel=\"noreferrer noopener\">&lt;&lt;&lt; Roczny program na rok 2024 <\/a><br><a href=\"https:\/\/oderbruchmuseum.de\/wp-content\/uploads\/2023\/03\/Jahresprogramm-Oderbruchmuseum-2023-Web.pdf\">&lt;&lt;&lt; Roczny program 2023 r. <\/a><br><a href=\"https:\/\/oderbruchmuseum.de\/wp-content\/uploads\/2022\/03\/220225-OMA-Jahresprogramm-web.pdf\">&lt;&lt;&lt; Program roczny 2022 r.<\/a><br><br><\/p>\n\n\n\n<h3 class=\"wp-block-heading\">Dokumentacja<\/h3>\n\n\n\n<p><a href=\"https:\/\/oderbruchmuseum.de\/wp-content\/uploads\/2024\/11\/OderundOderbruch-web.pdf\" target=\"_blank\" rel=\"noreferrer noopener\">&lt;&lt;&lt; Odra i Oderbruch<\/a><br><a href=\"https:\/\/oderbruchmuseum.de\/wp-content\/uploads\/2025\/12\/Energie-und-Oderbruch-web.pdf\" target=\"_blank\" rel=\"noreferrer noopener\">&lt;&lt;&lt; Energia i Oderbruch<\/a><br><a href=\"https:\/\/oderbruchmuseum.de\/wp-content\/uploads\/2018\/03\/2019_M_Doku_VortragGenshagen.pdf\" target=\"_blank\" rel=\"noreferrer noopener\">&lt;&lt;&lt; Co nap\u0119dza sztuk\u0119 na wsi - refleksja nad jako\u015bci\u0105 projekt\u00f3w kulturalnych, wyk\u0142ad w Fundacji Genshagen na konferencji &quot;Spielr\u00e4ume in der Provinz.<br>Kszta\u0142towanie obszar\u00f3w wiejskich za pomoc\u0105 sztuki wsp\u00f3\u0142czesnej i edukacji kulturalnej\", 25 pa\u017adziernika 2018 r.<\/a><br><a href=\"https:\/\/oderbruchmuseum.de\/wp-content\/uploads\/2018\/03\/2019_M_Doku_ImpulsvortragKulturpolitischerNachmittag.pdf\" target=\"_blank\" rel=\"noreferrer noopener\">&lt;&lt;&lt; Szanse i wyzwania: Przysz\u0142o\u015b\u0107 muze\u00f3w na obszarach wiejskich. Przem\u00f3wienie programowe podczas Popo\u0142udnia Polityki Kulturalnej w ramach Akademii programu &quot;TRAFO - Modele dla kultury w okresie przej\u015bciowym&quot;, inicjatywy Federalnej Fundacji Kultury Oderbruch Museum Altranft \/ 23 kwietnia 2018 r.<\/a><br><a href=\"https:\/\/oderbruchmuseum.de\/wp-content\/uploads\/2018\/03\/2019_M_Doku_KulturpolitischerSalon.pdf\" target=\"_blank\" rel=\"noreferrer noopener\">&lt;&lt;&lt; Spotkanie w przestrzeni publicznej - Salon kulturalno-polityczny z Udo Muszy\u0144skim, 12 lutego 2018 r.<\/a><\/p>\n<\/div>\n<\/div>\n\n\n\n<div class=\"wp-block-columns is-layout-flex wp-container-core-columns-is-layout-9d6595d7 wp-block-columns-is-layout-flex\">\n<div class=\"wp-block-column is-layout-flow wp-block-column-is-layout-flow\">\n<h3 class=\"wp-block-heading\">Sprawozdania z warsztat\u00f3w<\/h3>\n\n\n\n<p><a href=\"https:\/\/oderbruchmuseum.de\/wp-content\/uploads\/2020\/06\/Werkstattbericht25-web.pdf\" target=\"_blank\" rel=\"noreferrer noopener\">&lt;&lt;&lt; Raport z warsztat\u00f3w_2025 temat roczny S\u0105siedztwo<\/a><br><a href=\"https:\/\/oderbruchmuseum.de\/wp-content\/uploads\/2025\/01\/OMA-Werkstattbericht-WEBkor.pdf\" target=\"_blank\" rel=\"noreferrer noopener\">&lt;&lt;&lt; Raport z warsztat\u00f3w_2024 Roczny ko\u015bci\u00f3\u0142 tematyczny<\/a><br><a href=\"https:\/\/oderbruchmuseum.de\/wp-content\/uploads\/2024\/01\/wb-OMA-Werkstattbericht.pdf\" target=\"_blank\" rel=\"noreferrer noopener\">&lt;&lt;&lt; Raport z warsztat\u00f3w_2023 Temat roczny: M\u0142odzie\u017c<\/a><br><a href=\"https:\/\/oderbruchmuseum.de\/wp-content\/uploads\/2023\/01\/Werkstattbericht-Oderbruchmuseum22.pdf\" target=\"_blank\" rel=\"noreferrer noopener\">&lt;&lt;&lt; Raport z warsztat\u00f3w 2022 tematycznych natura<\/a><br><a href=\"https:\/\/oderbruchmuseum.de\/wp-content\/uploads\/2022\/01\/211222-OMA-Werkstattbericht-web.pdf\">&lt;&lt;&lt; Raport z warsztat\u00f3w 2021 - temat roczny up\u00f3r<\/a><br><a href=\"https:\/\/oderbruchmuseum.de\/wp-content\/uploads\/2021\/01\/Werkstattbericht-ganzer-Satz.pdf\">&lt;&lt;&lt; Raport z warsztat\u00f3w 2020 - temat roczny: ludzie<\/a> <br><a href=\"https:\/\/oderbruchmuseum.de\/wp-content\/uploads\/2018\/03\/2019_M_Werkstattbericht.pdf\" target=\"_blank\" rel=\"noreferrer noopener\">&lt;&lt;&lt; Raport z warsztat\u00f3w 2019 dotycz\u0105cych budowania temat\u00f3w rocznych<\/a><br><a href=\"https:\/\/oderbruchmuseum.de\/wp-content\/uploads\/2018\/03\/2018_M_werkstattbericht.pdf\" target=\"_blank\" rel=\"noreferrer noopener\">&lt;&lt;&lt; Raport z warsztat\u00f3w 2018 temat roczny rolnictwo<\/a><br><a href=\"https:\/\/oderbruchmuseum.de\/wp-content\/uploads\/2018\/03\/2017_museum_werkstattbericht_mail.pdf\" target=\"_blank\" rel=\"noreferrer noopener\">&lt;&lt;&lt; Raport z warsztat\u00f3w 2017 temat roczny: woda<\/a><br><a href=\"https:\/\/oderbruchmuseum.de\/wp-content\/uploads\/2018\/03\/2016_museum_werkstattbericht_mail.pdf\" target=\"_blank\" rel=\"noreferrer noopener\">&lt;&lt;&lt; Raport z warsztat\u00f3w 2016 temat roczny rzemios\u0142o <\/a><br><\/p>\n\n\n\n<h3 class=\"wp-block-heading\">Koncepcje<\/h3>\n\n\n\n<p><a rel=\"noreferrer noopener\" href=\"https:\/\/oderbruchmuseum.de\/wp-content\/uploads\/2018\/03\/2018_M_Doku_Sammlungskonzept.pdf\" target=\"_blank\">&lt;&lt;&lt; Koncepcja kolekcji 2018 r.<\/a><br><a rel=\"noreferrer noopener\" href=\"https:\/\/oderbruchmuseum.de\/wp-content\/uploads\/2018\/03\/2017_museum_sammlungsbericht_mail.pdf\" target=\"_blank\">&lt;&lt;&lt; Sprawozdanie ze zbi\u00f3rki w 2017 r.<\/a><br><a rel=\"noreferrer noopener\" href=\"https:\/\/oderbruchmuseum.de\/wp-content\/uploads\/2018\/03\/2015_museum_konzeption_mail.pdf\" target=\"_blank\">&lt;&lt;&lt; Koncepcja przekszta\u0142cenia &quot;Brandenburskiego skansenu Altranft&quot;.<\/a><\/p>\n\n\n\n<p><a href=\"https:\/\/oderbruchmuseum.de\/wp-content\/uploads\/2020\/06\/Digitalstrategie_OMA_Entwurf_052025.pdf\">&lt;&lt;&lt; Strategia cyfrowa<\/a><\/p>\n<\/div>\n<\/div>\n\n\n\n<h3 class=\"wp-block-heading\">83xOderbruch<br>Najwa\u017cniejsze informacje o naszym krajobrazie<\/h3>\n\n\n\n<p><a href=\"https:\/\/oderbruchmuseum.de\/wp-content\/uploads\/2020\/11\/201124-Oderbruch-Museum-Essenzen-dt-web.pdf\">&lt;&lt;Oderbruch-Museum-Essences.pdf<\/a><br><a href=\"https:\/\/oderbruchmuseum.de\/wp-content\/uploads\/2021\/01\/201214-Oderbruch-Museum-Essenzen-EN-web.pdf\">&lt;&lt;&lt;Oderbruch Museum Essences english.pdf<\/a><br><\/p>\n\n\n\n<h3 class=\"wp-block-heading\">Ksi\u0105\u017cki warsztatowe<\/h3>\n\n\n\n<p>Ksi\u0105\u017cki warsztatowe, kt\u00f3re s\u0105 wydawane co roku na tematy roczne, mo\u017cna zam\u00f3wi\u0107 w <a href=\"http:\/\/auflandverlag.de\/onlineshop\/werkstattbuecher.html\" target=\"_blank\" rel=\"noreferrer noopener\">Wydawnictwo Aufland<\/a> nale\u017cy zam\u00f3wi\u0107.<br><br>Opublikowane do tej pory to:<\/p>\n\n\n\n<p><a href=\"https:\/\/auflandverlag.de\/produkt\/k-anders-l-fischer-t-hartmann-k-lehnert-a-undisz-und-g-weichardt-handwerk\/\" target=\"_blank\" rel=\"noreferrer noopener\"><strong>Craft<\/strong><br>Fotografie Ingara Kraussa i relacje rzemie\u015blnik\u00f3w z Oderbruchu autorstwa K. Andersa, L. Fischera, T. Hartmanna, K. Lehnerta, A. Undisza i G. Weichardta<\/a><\/p>\n\n\n\n<p><a href=\"https:\/\/auflandverlag.de\/produkt\/k-anders-l-fischer-m-mertens-a-undisz-t-veihelmann-und-g-weichardt-wasser\/\" target=\"_blank\" rel=\"noreferrer noopener\"><strong>Woda<\/strong><br>Fotografie Stefana Schicka i Ulricha Seiferta-St\u00fchra oraz sprawozdania na temat wody w Oderbruchu autorstwa K. Andersa, L. Fischera, M. Mertensa, A. Undisza, T. Veihelmanna i G. Weichardta<\/a><\/p>\n\n\n\n<p><a href=\"https:\/\/auflandverlag.de\/produkt\/k-anders-l-fischer-a-undisz-t-veihelmann-und-g-weichardt-landwirtschaft\/\" target=\"_blank\" rel=\"noreferrer noopener\"><strong>Rolnictwo<\/strong><br>Fotografie Stefana Schicka i Ulricha Seiferta-St\u00fchra oraz sprawozdania z rolnictwa w Oderbruchu autorstwa K. Andersa, L. Fischera, A. Undisza, T. Veihelmanna i G. Weichardta<\/a><\/p>\n\n\n\n<p><a href=\"https:\/\/auflandverlag.de\/produkt\/k-anders-l-fischer-a-undisz-t-veihelmann-und-g-weichardt-sowie-k-ilm-g-platter-a-jochmann-a-karrasch-d-mallwitz-s-persiel-und-s-siegel-bauen\/\" target=\"_blank\" rel=\"noreferrer noopener\"><strong>Budynek<\/strong><br>Fotografie Stefana Schicka i Ulricha Seiferta-St\u00fchra oraz sprawozdania z budowy w Oderbruchu autorstwa K. Andersa, L. Fischera, A. Undisza, T. Veihelmanna i G. Weichardta oraz K. Ilma &amp; G. Plattera, A. Jochmanna, A. Karrascha &amp; D. Mallwitza, S. Persiela i S. Siegela.<\/a><br><\/p>\n\n\n\n<p><a href=\"https:\/\/auflandverlag.de\/produkt\/menschen\/\" target=\"_blank\" rel=\"noreferrer noopener\"><strong>Ludzie<\/strong><br>Reporta\u017ce o spo\u0142ecze\u0144stwie wiejskim w Oderbruchu, pod redakcj\u0105 Kennetha Andersa i Larsa Fischera z fotografiami Michaela Ankera, Elke Br\u00e4mer, J\u00f6rga Hannemanna, Stefana Schicka i Falka Wielanda oraz Barbary K\u00f6nig.<\/a><\/p>\n\n\n\n<p><a href=\"https:\/\/auflandverlag.de\/produkt\/eigensinn-k-anders-l-fischer\/\" target=\"_blank\" rel=\"noreferrer noopener\"><strong>Up\u00f3r<\/strong><br>Relacje upartych ludzi z Oderbruchu, pod redakcj\u0105 Kennetha Andersa i Larsa Fischera z fotografiami Michaela Ankera i Stefana Schicka.<\/a><\/p>\n\n\n\n<p><a href=\"https:\/\/auflandverlag.de\/produkt\/natur-k-anders-l-fischer\/\" target=\"_blank\" rel=\"noreferrer noopener\"><strong>Natura<\/strong><br>25 reporta\u017cy o przyrodzie w Oderbruch, pod redakcj\u0105 Kennetha Andersa i Larsa Fischera, z fotografiami Michaela Ankera i Stefana Schicka, a tak\u017ce Armina Herrmanna, Karstena Neumanna oraz z archiwum Landschaftspflegeverband Mittlere Oder e.V. (Stowarzyszenie Ochrony Krajobrazu \u015arodkowej Odry).<\/a><\/p>\n\n\n\n<p><a href=\"https:\/\/auflandverlag.de\/produkt\/jugend-k-anders-l-fischer\/\" target=\"_blank\" rel=\"noreferrer noopener\"><strong>M\u0142odzie\u017c<\/strong><br>Reporta\u017ce o m\u0142odzie\u017cy w Oderbruch, pod redakcj\u0105 Kennetha Andersa i Larsa Fischera, napisane przez Kennetha Andersa, Michaela Ankera, Larsa Fischera, Alexa Schirmera, Almut Undisz i Tin\u0119 Veihelmann. Zdj\u0119cia autorstwa Michaela Ankera, Stefana Schicka i Heike Zappe<\/a><\/p>\n\n\n\n<p><a href=\"https:\/\/auflandverlag.de\/produkt\/kirche-k-anders-l-fischer\/\" target=\"_blank\" rel=\"noreferrer noopener\"><strong>Ko\u015bci\u00f3\u0142<\/strong><br>Raporty i materia\u0142y o ko\u015bciele w Oderbruch, pod redakcj\u0105 Kennetha Andersa i Larsa Fischera, z fotoreporta\u017cem Michaela Ankera.<\/a><\/p>\n\n\n\n<hr class=\"wp-block-separator has-text-color has-primary-color has-css-opacity has-primary-background-color has-background is-style-wide\"\/>\n\n\n\n<h2 class=\"wp-block-heading\" id=\"Bildungs-Material\">Edukacja<\/h2>\n\n\n\n<h3 class=\"wp-block-heading\">Filmy<\/h3>\n\n\n\n<p><a href=\"https:\/\/oderbruchmuseum.de\/pl\/schulklassen-und-kitas\/#kulturerbe-film\">&lt;&lt;&lt; Zabytki na filmie<\/a><\/p>\n\n\n\n<h3 class=\"wp-block-heading\">Publikacja<\/h3>\n\n\n\n<p><a href=\"https:\/\/oderbruchmuseum.de\/wp-content\/uploads\/2021\/01\/Publikation_LabiKorrektur.pdf\">&lt;&lt;&lt;Publikacja Zabawy z przestrzeni\u0105<\/a><\/p>\n\n\n\n<h3 class=\"wp-block-heading\">Dokumentacja projekt\u00f3w edukacyjnych<\/h3>\n\n\n\n<div class=\"wp-block-getwid-accordion has-icon-left\" data-active-element=\"none\">\n<div class=\"wp-block-getwid-accordion__header-wrapper\"><h3 class=\"wp-block-getwid-accordion__header\"><a href=\"#\"><span class=\"wp-block-getwid-accordion__header-title\">Projekty edukacyjne na lata 2016-2020<\/span><span class=\"wp-block-getwid-accordion__icon is-active\"><i class=\"fas fa-plus\"><\/i><\/span><span class=\"wp-block-getwid-accordion__icon is-passive\"><i class=\"fas fa-minus\"><\/i><\/span><\/a><\/h3><\/div><div class=\"wp-block-getwid-accordion__content-wrapper\"><div class=\"wp-block-getwid-accordion__content\">\n<p><a href=\"https:\/\/oderbruchmuseum.de\/wp-content\/uploads\/2018\/03\/2018_netzwerk_doku_01_klassemuseum_mail.pdf\" target=\"_blank\" rel=\"noreferrer noopener\">&lt;&lt;&lt; Sieciowa Edukacja Krajoznawcza - Muzeum Klasy Dokumentacji 2016 r.<\/a><br><a href=\"https:\/\/oderbruchmuseum.de\/wp-content\/uploads\/2018\/03\/2018_netzwerk_doku_02_postkarten_mail.pdf\" target=\"_blank\" rel=\"noreferrer noopener\">&lt;&lt;&lt; Sie\u0107 Edukacji Krajobrazowej - Dokumentacja wykonania w\u0142asnych map Oderbruchu<\/a><br><a href=\"https:\/\/oderbruchmuseum.de\/wp-content\/uploads\/2018\/03\/2018_netzwerk_doku_03_theater_mail.pdf\" target=\"_blank\" rel=\"noreferrer noopener\">&lt;&lt;&lt; Sie\u0107 Edukacji Krajobrazowej - Teatr Projektu Przedszkola Dokumentacyjnego<\/a><br><a href=\"https:\/\/oderbruchmuseum.de\/wp-content\/uploads\/2018\/03\/2018_netzwerk_doku_04_weide_mail.pdf\" target=\"_blank\" rel=\"noreferrer noopener\">&lt;&lt;&lt; Sie\u0107 Edukacji Krajobrazowej - Projekt Przedszkola Dokumentacyjnego Wierzba<\/a><br><a href=\"https:\/\/oderbruchmuseum.de\/wp-content\/uploads\/2018\/03\/2018_netzwerk_doku_05_eiszeit_mail.pdf\" target=\"_blank\" rel=\"noreferrer noopener\">&lt;&lt;&lt; Sie\u0107 Edukacji Krajobrazowej - Dokumentacja epoki lodowcowej<\/a><br><a href=\"https:\/\/oderbruchmuseum.de\/wp-content\/uploads\/2018\/03\/2018_netzwerk_doku_06_holz_mail.pdf\" target=\"_blank\" rel=\"noreferrer noopener\">&lt;&lt;&lt; Sie\u0107 Edukacji Krajobrazowej - Dokumentacja Rzemios\u0142o drzewne w Oderbruchu<\/a><br><a href=\"https:\/\/oderbruchmuseum.de\/wp-content\/uploads\/2018\/03\/2018_netzwerk_doku_07_klassemuseum_mail.pdf\" target=\"_blank\" rel=\"noreferrer noopener\">&lt;&lt;&lt; Sieciowa Edukacja Krajoznawcza - Muzeum Klasy Dokumentacji 2017 r.<\/a><br><a href=\"https:\/\/oderbruchmuseum.de\/wp-content\/uploads\/2018\/03\/2018_netzwerk_doku_08_portrait_mail.pdf\" target=\"_blank\" rel=\"noreferrer noopener\">&lt;&lt;&lt; Sie\u0107 Edukacja Krajobraz - Dokumentacja Portret - Ludzie w Oderbruchu<\/a><br><a href=\"https:\/\/oderbruchmuseum.de\/wp-content\/uploads\/2018\/03\/2018_netzwerk_doku_09_lebendigebilder_mail.pdf\" target=\"_blank\" rel=\"noreferrer noopener\">&lt;&lt;&lt; Edukacja o krajobrazie sieciowym - dokumentacja \u017bywe obrazy<\/a><br><a href=\"https:\/\/oderbruchmuseum.de\/wp-content\/uploads\/2018\/03\/2018_netzwerk_doku_10_odernixe_mail.pdf\" target=\"_blank\" rel=\"noreferrer noopener\">&lt;&lt;&lt; Sie\u0107 Edukacji Krajobrazowej - Dokumentacja Odernixe Binnelta<\/a><br><a href=\"https:\/\/oderbruchmuseum.de\/wp-content\/uploads\/2018\/03\/2019_B_NW_Doku_11_WartenaufdemAcker_mail.pdf\" target=\"_blank\" rel=\"noreferrer noopener\">&lt;&lt;&lt; Sie\u0107 Edukacji Krajobrazowej - Muzeum Klasy Dokumentacji 2018 - Czekanie w terenie<\/a><br><a href=\"https:\/\/oderbruchmuseum.de\/wp-content\/uploads\/2018\/03\/2019_B_NW_Doku_12_Taratouphle_mail.pdf\" target=\"_blank\" rel=\"noreferrer noopener\">&lt;&lt;&lt; Sie\u0107 Edukacji Krajobrazowej - Dokumentacja Taratouphle czyli jak ziemniak trafi\u0142 na Oderbruch<\/a><br><a href=\"https:\/\/oderbruchmuseum.de\/wp-content\/uploads\/2018\/03\/2019_B_NW_Doku_13_Selbstversorgerin_mail.pdf\" target=\"_blank\" rel=\"noreferrer noopener\">&lt;&lt;&lt; Sie\u0107 Edukacji Krajoznawczej - dokumentacja Samofinansowanie<\/a><br><a href=\"https:\/\/oderbruchmuseum.de\/wp-content\/uploads\/2018\/03\/2019_B_NW_Doku_14_ComicLandschaft_mail.pdf\" target=\"_blank\" rel=\"noreferrer noopener\">&lt;&lt;&lt; Sie\u0107 Edukacja Krajobrazowa - Komiks dokumentacyjny w Oderbruchu<\/a><br><a href=\"https:\/\/oderbruchmuseum.de\/wp-content\/uploads\/2018\/03\/2019_B_NW_Doku_15_Regionaldinner_mail.pdf\" target=\"_blank\" rel=\"noreferrer noopener\">&lt;&lt;&lt; Sie\u0107 Edukacji Krajobrazowej - Regionalna kolacja dokumentacyjna w zamku Altranft<\/a><br><a href=\"https:\/\/oderbruchmuseum.de\/wp-content\/uploads\/2018\/03\/2019_B_NW_Doku_16_TrickfilmWuschewier_mail.pdf\" target=\"_blank\" rel=\"noreferrer noopener\">&lt;&lt;&lt; Sie\u0107 Edukacji Krajobrazowej - Film dokumentacyjny Trick w Wuschewier<\/a><br><a href=\"https:\/\/oderbruchmuseum.de\/wp-content\/uploads\/2018\/03\/2019_B_NW_Doku_17_HeyaltesHaus_mail.pdf\" target=\"_blank\" rel=\"noreferrer noopener\">&lt;&lt;&lt; Sie\u0107 edukacji krajobrazowej - dokumentacja Hej stary dom<\/a><\/p>\n<\/div><\/div>\n<\/div>\n\n\n\n<p><br><\/p>\n\n\n\n<h3 class=\"wp-block-heading\">Ulotka<\/h3>\n\n\n\n<p><a href=\"https:\/\/oderbruchmuseum.de\/wp-content\/uploads\/2020\/06\/2025_Mitmachen-Werkstattheft-WEB.pdf\" target=\"_blank\" rel=\"noreferrer noopener\">&lt;&lt;&lt;Oferty warsztat\u00f3w.pdf<\/a><br><a href=\"https:\/\/oderbruchmuseum.de\/wp-content\/uploads\/2018\/03\/2017_netzwerk_flyer_mail.pdf\" target=\"_blank\" rel=\"noreferrer noopener\">&lt;&lt;&lt; Sie\u0107 Edukacji Krajobrazowej - ulotka<\/a><br><a href=\"https:\/\/oderbruchmuseum.de\/wp-content\/uploads\/2018\/03\/2018_heimatarbeit_flyer_mail.pdf\" target=\"_blank\" rel=\"noreferrer noopener\">&lt;&lt;&lt; Praca w Ojczy\u017anie - ulotka<\/a><\/p>\n\n\n\n<h3 class=\"wp-block-heading\">Praca w ojczy\u017anie<\/h3>\n\n\n\n<p><a href=\"https:\/\/oderbruchmuseum.de\/wp-content\/uploads\/2022\/11\/Heimatarbeit-Arbeitsheft-Web.pdf\" target=\"_blank\" rel=\"noreferrer noopener\">Workbook Ojczyzna praca <\/a><\/p>\n\n\n\n<hr class=\"wp-block-separator has-text-color has-primary-color has-css-opacity has-primary-background-color has-background is-style-wide\"\/>\n\n\n\n<h2 class=\"wp-block-heading\" id=\"kulturerbe\">Miejsca dziedzictwa<\/h2>\n\n\n\n<h3 class=\"wp-block-heading\">Filmy<\/h3>\n\n\n\n<p><a href=\"https:\/\/oderbruchmuseum.de\/pl\/jugend-filmt-kulturerbe-orte-im-oderbruch\/\">&lt;&lt;&lt; Zabytki na filmie<\/a><\/p>\n\n\n\n<p><\/p>\n\n\n\n<h3 class=\"wp-block-heading\">Broszury<\/h3>\n\n\n\n<p><a href=\"https:\/\/oderbruchmuseum.de\/schau-ins-bruch.pdf\" target=\"_blank\" rel=\"noreferrer noopener\">&lt;&lt;&lt; Zajrzyj do kamienio\u0142omu: obiekty dziedzictwa kulturowego - Oderbruch. Ludzie tworz\u0105 krajobraz<\/a><br><a href=\"https:\/\/oderbruchmuseum.de\/wp-content\/uploads\/2022\/06\/OMA-Zajrzyj-na-Le\u0328gi_PL.pdf\">&lt;&lt;&lt; Zajrzyj na \u0141\u0119gi_PL<\/a><br><br><\/p>\n\n\n\n<h3 class=\"wp-block-heading\">Poczt\u00f3wki<\/h3>\n\n\n\n<p><a href=\"https:\/\/oderbruchmuseum.de\/wp-content\/uploads\/2022\/03\/Kulturerbe-Orte-Postkartenserie.pdf\" target=\"_blank\" rel=\"noreferrer noopener\">&lt;&lt;&lt; Seria poczt\u00f3wek: Miejsca dziedzictwa kulturowego<\/a><br><a href=\"https:\/\/oderbruchmuseum.de\/wp-content\/uploads\/2018\/03\/2016_kulturerbe_postkarten_kleineuropa_mail.pdf\" target=\"_blank\" rel=\"noreferrer noopener\">&lt;&lt;&lt; Seria poczt\u00f3wek: Oderbruch - Ma\u0142a Europa<\/a><br><\/p>\n\n\n\n<h3 class=\"wp-block-heading\">Holobox<\/h3>\n\n\n\n<p><a href=\"https:\/\/oderbruchmuseum.de\/wp-content\/uploads\/2024\/02\/Holobox-Bauanleitung.zip\" target=\"_blank\" rel=\"noreferrer noopener\">&lt;&lt;&lt; Instrukcja budowy Holoboxa<\/a><\/p>\n\n\n\n<h3 class=\"wp-block-heading\">Dokumentacja<\/h3>\n\n\n\n<p><a rel=\"noreferrer noopener\" href=\"https:\/\/oderbruchmuseum.de\/wp-content\/uploads\/2018\/03\/2017_kulturerbe_doku_buschdorf_mail.pdf\" target=\"_blank\">&lt;&lt;&lt; Dokumentacja dziedzictwa kulturowego Muzeum koszykarstwa Buschdorf<\/a><br><a rel=\"noreferrer noopener\" href=\"https:\/\/oderbruchmuseum.de\/wp-content\/uploads\/2018\/03\/2017_kulturerbe_doku_neulitzegoericke_mail.pdf\" target=\"_blank\">&lt;&lt;&lt; Dokumentacja dziedzictwa kulturowego Neulietzeg\u00f6ricke<\/a><br><a rel=\"noreferrer noopener\" href=\"https:\/\/oderbruchmuseum.de\/wp-content\/uploads\/2018\/03\/2018_kulturerbe_doku_friedrichsaue_mail.pdf\" target=\"_blank\">&lt;&lt;&lt; Dokumentacja Muzeum Wsi Friedrichsaue<\/a><\/p>\n\n\n\n<h3 class=\"wp-block-heading\" id=\"PartnerprojekteNatur\">Szko\u0142a Letnia<\/h3>\n\n\n\n<p><a href=\"https:\/\/oderbruchmuseum.de\/wp-content\/uploads\/2021\/02\/Zeitung-Sommerschule-2020-DE_FINAL-small.pdf\">&lt;&lt;&lt; Gazeta Wyborcza - Lato - Szko\u0142a - 2020 r.<\/a><br> <a href=\"https:\/\/oderbruchmuseum.de\/wp-content\/uploads\/2021\/02\/Zeitung-Sommerschule-2020-PL_FINAL_small.pdf\">&lt;&lt;&lt; Gazetka internetowa - szko\u0142a letnia - 2020-PL<\/a><br><a href=\"https:\/\/oderbruchmuseum.de\/wp-content\/uploads\/2023\/11\/Layout_Dokumentation_Sommerschule_23_FINAL_Einzelseiten.pdf\" target=\"_blank\" rel=\"noreferrer noopener\">&lt;&lt;&lt; Mobile w letniej szkole Bruch 2023<\/a><\/p>\n\n\n\n<hr class=\"wp-block-separator has-text-color has-primary-color has-css-opacity has-primary-background-color has-background is-style-wide\"\/>\n\n\n\n<h2 class=\"wp-block-heading\">Projekty partnerskie Temat roczny<\/h2>\n\n\n\n<p><a href=\"https:\/\/oderbruchmuseum.de\/wp-content\/uploads\/2024\/02\/Foerdergrundsaetze-Partnerprojekte-05-2023.pdf\" target=\"_blank\" rel=\"noreferrer noopener\">&lt;&lt;&lt; Zasady finansowania_OderbruchMuseumAltranft<\/a><br><a href=\"https:\/\/oderbruchmuseum.de\/wp-content\/uploads\/2024\/02\/20230801_NEUE-Foerderformel-fuer-Partnerprojekte-ab-2023.pdf\" target=\"_blank\" rel=\"noreferrer noopener\">&lt;&lt;&lt; Formu\u0142a finansowania projekt\u00f3w partnerskich od 2023 r..pdf<\/a><br><\/p>\n\n\n\n<hr class=\"wp-block-separator has-text-color has-primary-color has-css-opacity has-primary-background-color has-background is-style-wide\"\/>\n\n\n\n<h2 class=\"wp-block-heading\">Craft<\/h2>\n\n\n\n<h3 class=\"wp-block-heading\">Dokumentacja<\/h3>\n\n\n\n<p><a rel=\"noreferrer noopener\" href=\"https:\/\/oderbruchmuseum.de\/wp-content\/uploads\/2016\/03\/2017_handwerk_doku_ringmarkt_mail.pdf\" target=\"_blank\">&lt;&lt;&lt; I Gie\u0142da Pier\u015bcieni Oderbruchowych - dokumentacja 2017 r.<\/a><br><a rel=\"noreferrer noopener\" href=\"https:\/\/oderbruchmuseum.de\/wp-content\/uploads\/2016\/03\/2016_handwerk_doku_baukastenoderbruch_mail.pdf\" target=\"_blank\">&lt;&lt;&lt; Zestaw budowlany Oderbruch - dokumentacja 2016 r.<\/a><\/p>\n\n\n\n<hr class=\"wp-block-separator has-text-color has-primary-color has-css-opacity has-primary-background-color has-background is-style-wide\"\/>\n\n\n\n<h2 class=\"wp-block-heading\">Prace studenckie zwi\u0105zane z muzeum<\/h2>\n\n\n\n<p><a href=\"https:\/\/oderbruchmuseum.de\/wp-content\/uploads\/2018\/03\/2018_Lisa_Herzog_BA_Mittelflurhaus-Altranft.pdf\" target=\"_blank\" rel=\"noreferrer noopener\">&lt;&lt;&lt; Rozpad i zmiana w dialogu - dom Mittelflurhaus w Altranft, znaczenie i warto\u015b\u0107 w przesz\u0142o\u015bci, tera\u017aniejszo\u015bci i przysz\u0142o\u015bci - Lisa Herzog - HNE Eberswalde - praca ko\u0144cowa w celu przyznania stopnia naukowego Bachelor of Science (BSc)<\/a><br><a href=\"https:\/\/oderbruchmuseum.de\/wp-content\/uploads\/2018\/03\/2018_Hanka_Haschke_MA_lokalesEngagement.pdf\" target=\"_blank\" rel=\"noreferrer noopener\">&lt;&lt;&lt; Lokalne zaanga\u017cowanie - Hanka Haschke - HNE Eberswalde - praca magisterska (MA)<\/a><br><a href=\"https:\/\/oderbruchmuseum.de\/wp-content\/uploads\/2018\/03\/2017_bsc_hnee_welzel_vivian_13208640.pdf\" target=\"_blank\" rel=\"noreferrer noopener\">&lt;&lt;&lt; Warsztaty kultury wiejskiej - Vivian Welzel - HNE Eberswalde - praca dyplomowa na stopie\u0144 licencjata (BSc)<\/a><br><a href=\"https:\/\/oderbruchmuseum.de\/wp-content\/uploads\/2020\/08\/BscArbeit_HanneSelling_final.pdf\">&lt;&lt;&lt; \u015alady \u017cycia rolniczego w ma\u0142ym miasteczku Bad Freienwalde<\/a> <a href=\"https:\/\/oderbruchmuseum.de\/wp-content\/uploads\/2020\/08\/BscArbeit_HanneSelling_final.pdf\">BscWork_HanneSelling<\/a><br><a href=\"https:\/\/oderbruchmuseum.de\/wp-content\/uploads\/2022\/09\/Hamkalo_Le\u0328gi-Odrzan\u0301skie.pdf\" target=\"_blank\" rel=\"noreferrer noopener\">&lt;&lt;&lt; Praca magisterska o legendach i mitach w Oderbruchu (j. pol.)<\/a><\/p>","protected":false},"excerpt":{"rendered":"<p>Przegl\u0105daj nasze publikacje.<\/p>","protected":false},"author":1,"featured_media":10505,"comment_status":"closed","ping_status":"closed","sticky":false,"template":"","format":"standard","meta":{"inline_featured_image":false,"_jetpack_memberships_contains_paid_content":false,"footnotes":""},"categories":[143,43],"tags":[],"class_list":["post-1432","post","type-post","status-publish","format-standard","has-post-thumbnail","hentry","category-medienudownload","category-museum-digital"],"yoast_head":"<!-- This site is optimized with the Yoast SEO plugin v27.5 - https:\/\/yoast.com\/product\/yoast-seo-wordpress\/ -->\n<title>Download Bibliothek - Oderbruch Museum Altranft<\/title>\n<meta name=\"description\" content=\"Hier finden Sie unsere Ver\u00f6ffentlichungen, Dokumentationen rund um das Oderbruchmusem.\" \/>\n<meta name=\"robots\" content=\"index, follow, max-snippet:-1, max-image-preview:large, max-video-preview:-1\" \/>\n<link rel=\"canonical\" href=\"https:\/\/oderbruchmuseum.de\/pl\/info-material\/\" \/>\n<meta property=\"og:locale\" content=\"pl_PL\" \/>\n<meta property=\"og:type\" content=\"article\" \/>\n<meta property=\"og:title\" content=\"Download Bibliothek - Oderbruch Museum Altranft\" \/>\n<meta property=\"og:description\" content=\"Hier finden Sie unsere Ver\u00f6ffentlichungen, Dokumentationen rund um das Oderbruchmusem.\" \/>\n<meta property=\"og:url\" content=\"https:\/\/oderbruchmuseum.de\/pl\/info-material\/\" \/>\n<meta property=\"og:site_name\" content=\"Oderbruch Museum Altranft\" \/>\n<meta property=\"article:publisher\" content=\"https:\/\/www.facebook.com\/oderbruchmuseum\/\" \/>\n<meta property=\"article:published_time\" content=\"2020-06-03T10:36:16+00:00\" \/>\n<meta property=\"article:modified_time\" content=\"2026-02-18T12:54:33+00:00\" \/>\n<meta name=\"author\" content=\"oderbruchmuseum\" \/>\n<meta name=\"twitter:card\" content=\"summary_large_image\" \/>\n<meta name=\"twitter:label1\" content=\"Napisane przez\" \/>\n\t<meta name=\"twitter:data1\" content=\"oderbruchmuseum\" \/>\n\t<meta name=\"twitter:label2\" content=\"Szacowany czas czytania\" \/>\n\t<meta name=\"twitter:data2\" content=\"3 minuty\" \/>\n<script type=\"application\/ld+json\" class=\"yoast-schema-graph\">{\"@context\":\"https:\\\/\\\/schema.org\",\"@graph\":[{\"@type\":\"Article\",\"@id\":\"https:\\\/\\\/oderbruchmuseum.de\\\/info-material\\\/#article\",\"isPartOf\":{\"@id\":\"https:\\\/\\\/oderbruchmuseum.de\\\/info-material\\\/\"},\"author\":{\"name\":\"oderbruchmuseum\",\"@id\":\"https:\\\/\\\/oderbruchmuseum.de\\\/#\\\/schema\\\/person\\\/93512e3f164d102fa56fa4f3be852903\"},\"headline\":\"Download Bibliothek\",\"datePublished\":\"2020-06-03T10:36:16+00:00\",\"dateModified\":\"2026-02-18T12:54:33+00:00\",\"mainEntityOfPage\":{\"@id\":\"https:\\\/\\\/oderbruchmuseum.de\\\/info-material\\\/\"},\"wordCount\":1019,\"publisher\":{\"@id\":\"https:\\\/\\\/oderbruchmuseum.de\\\/#organization\"},\"image\":{\"@id\":\"https:\\\/\\\/oderbruchmuseum.de\\\/info-material\\\/#primaryimage\"},\"thumbnailUrl\":\"https:\\\/\\\/oderbruchmuseum.de\\\/wp-content\\\/uploads\\\/2023\\\/02\\\/bbbbuch.svg\",\"articleSection\":[\"Medienudownload\",\"Museum Digital\"],\"inLanguage\":\"pl-PL\"},{\"@type\":\"WebPage\",\"@id\":\"https:\\\/\\\/oderbruchmuseum.de\\\/info-material\\\/\",\"url\":\"https:\\\/\\\/oderbruchmuseum.de\\\/info-material\\\/\",\"name\":\"Download Bibliothek - Oderbruch Museum Altranft\",\"isPartOf\":{\"@id\":\"https:\\\/\\\/oderbruchmuseum.de\\\/#website\"},\"primaryImageOfPage\":{\"@id\":\"https:\\\/\\\/oderbruchmuseum.de\\\/info-material\\\/#primaryimage\"},\"image\":{\"@id\":\"https:\\\/\\\/oderbruchmuseum.de\\\/info-material\\\/#primaryimage\"},\"thumbnailUrl\":\"https:\\\/\\\/oderbruchmuseum.de\\\/wp-content\\\/uploads\\\/2023\\\/02\\\/bbbbuch.svg\",\"datePublished\":\"2020-06-03T10:36:16+00:00\",\"dateModified\":\"2026-02-18T12:54:33+00:00\",\"description\":\"Hier finden Sie unsere Ver\u00f6ffentlichungen, Dokumentationen rund um das Oderbruchmusem.\",\"breadcrumb\":{\"@id\":\"https:\\\/\\\/oderbruchmuseum.de\\\/info-material\\\/#breadcrumb\"},\"inLanguage\":\"pl-PL\",\"potentialAction\":[{\"@type\":\"ReadAction\",\"target\":[\"https:\\\/\\\/oderbruchmuseum.de\\\/info-material\\\/\"]}]},{\"@type\":\"ImageObject\",\"inLanguage\":\"pl-PL\",\"@id\":\"https:\\\/\\\/oderbruchmuseum.de\\\/info-material\\\/#primaryimage\",\"url\":\"https:\\\/\\\/oderbruchmuseum.de\\\/wp-content\\\/uploads\\\/2023\\\/02\\\/bbbbuch.svg\",\"contentUrl\":\"https:\\\/\\\/oderbruchmuseum.de\\\/wp-content\\\/uploads\\\/2023\\\/02\\\/bbbbuch.svg\"},{\"@type\":\"BreadcrumbList\",\"@id\":\"https:\\\/\\\/oderbruchmuseum.de\\\/info-material\\\/#breadcrumb\",\"itemListElement\":[{\"@type\":\"ListItem\",\"position\":1,\"name\":\"Startseite\",\"item\":\"https:\\\/\\\/oderbruchmuseum.de\\\/\"},{\"@type\":\"ListItem\",\"position\":2,\"name\":\"Download Bibliothek\"}]},{\"@type\":\"WebSite\",\"@id\":\"https:\\\/\\\/oderbruchmuseum.de\\\/#website\",\"url\":\"https:\\\/\\\/oderbruchmuseum.de\\\/\",\"name\":\"Oderbruchmuseum Altranft\",\"description\":\"Werkstatt f\u00fcr l\u00e4ndliche Kultur\",\"publisher\":{\"@id\":\"https:\\\/\\\/oderbruchmuseum.de\\\/#organization\"},\"potentialAction\":[{\"@type\":\"SearchAction\",\"target\":{\"@type\":\"EntryPoint\",\"urlTemplate\":\"https:\\\/\\\/oderbruchmuseum.de\\\/?s={search_term_string}\"},\"query-input\":{\"@type\":\"PropertyValueSpecification\",\"valueRequired\":true,\"valueName\":\"search_term_string\"}}],\"inLanguage\":\"pl-PL\"},{\"@type\":\"Organization\",\"@id\":\"https:\\\/\\\/oderbruchmuseum.de\\\/#organization\",\"name\":\"Oderbruchmuseum\",\"url\":\"https:\\\/\\\/oderbruchmuseum.de\\\/\",\"logo\":{\"@type\":\"ImageObject\",\"inLanguage\":\"pl-PL\",\"@id\":\"https:\\\/\\\/oderbruchmuseum.de\\\/#\\\/schema\\\/logo\\\/image\\\/\",\"url\":\"https:\\\/\\\/oderbruchmuseum.de\\\/wp-content\\\/uploads\\\/2020\\\/05\\\/rad-oderbruchmuseum.png\",\"contentUrl\":\"https:\\\/\\\/oderbruchmuseum.de\\\/wp-content\\\/uploads\\\/2020\\\/05\\\/rad-oderbruchmuseum.png\",\"width\":487,\"height\":451,\"caption\":\"Oderbruchmuseum\"},\"image\":{\"@id\":\"https:\\\/\\\/oderbruchmuseum.de\\\/#\\\/schema\\\/logo\\\/image\\\/\"},\"sameAs\":[\"https:\\\/\\\/www.facebook.com\\\/oderbruchmuseum\\\/\",\"https:\\\/\\\/www.instagram.com\\\/oderbruchmuseum\\\/\"]},{\"@type\":\"Person\",\"@id\":\"https:\\\/\\\/oderbruchmuseum.de\\\/#\\\/schema\\\/person\\\/93512e3f164d102fa56fa4f3be852903\",\"name\":\"oderbruchmuseum\",\"image\":{\"@type\":\"ImageObject\",\"inLanguage\":\"pl-PL\",\"@id\":\"https:\\\/\\\/secure.gravatar.com\\\/avatar\\\/4cb85b2fcffa9ea28f25b7fb4c0f736311c2de7d30be78953131dbbd284af8bf?s=96&d=mm&r=g\",\"url\":\"https:\\\/\\\/secure.gravatar.com\\\/avatar\\\/4cb85b2fcffa9ea28f25b7fb4c0f736311c2de7d30be78953131dbbd284af8bf?s=96&d=mm&r=g\",\"contentUrl\":\"https:\\\/\\\/secure.gravatar.com\\\/avatar\\\/4cb85b2fcffa9ea28f25b7fb4c0f736311c2de7d30be78953131dbbd284af8bf?s=96&d=mm&r=g\",\"caption\":\"oderbruchmuseum\"},\"url\":\"https:\\\/\\\/oderbruchmuseum.de\\\/pl\\\/author\\\/marenbuhmann\\\/\"}]}<\/script>\n<!-- \/ Yoast SEO plugin. -->","yoast_head_json":{"title":"Biblioteka do pobrania - Muzeum Oderbruch Altranft","description":"Tutaj znajdziesz nasze publikacje i dokumentacj\u0119 dotycz\u0105c\u0105 Muzeum Oderbruch.","robots":{"index":"index","follow":"follow","max-snippet":"max-snippet:-1","max-image-preview":"max-image-preview:large","max-video-preview":"max-video-preview:-1"},"canonical":"https:\/\/oderbruchmuseum.de\/pl\/info-material\/","og_locale":"pl_PL","og_type":"article","og_title":"Download Bibliothek - Oderbruch Museum Altranft","og_description":"Hier finden Sie unsere Ver\u00f6ffentlichungen, Dokumentationen rund um das Oderbruchmusem.","og_url":"https:\/\/oderbruchmuseum.de\/pl\/info-material\/","og_site_name":"Oderbruch Museum Altranft","article_publisher":"https:\/\/www.facebook.com\/oderbruchmuseum\/","article_published_time":"2020-06-03T10:36:16+00:00","article_modified_time":"2026-02-18T12:54:33+00:00","author":"oderbruchmuseum","twitter_card":"summary_large_image","twitter_misc":{"Napisane przez":"oderbruchmuseum","Szacowany czas czytania":"3 minuty"},"schema":{"@context":"https:\/\/schema.org","@graph":[{"@type":"Article","@id":"https:\/\/oderbruchmuseum.de\/info-material\/#article","isPartOf":{"@id":"https:\/\/oderbruchmuseum.de\/info-material\/"},"author":{"name":"oderbruchmuseum","@id":"https:\/\/oderbruchmuseum.de\/#\/schema\/person\/93512e3f164d102fa56fa4f3be852903"},"headline":"Download Bibliothek","datePublished":"2020-06-03T10:36:16+00:00","dateModified":"2026-02-18T12:54:33+00:00","mainEntityOfPage":{"@id":"https:\/\/oderbruchmuseum.de\/info-material\/"},"wordCount":1019,"publisher":{"@id":"https:\/\/oderbruchmuseum.de\/#organization"},"image":{"@id":"https:\/\/oderbruchmuseum.de\/info-material\/#primaryimage"},"thumbnailUrl":"https:\/\/oderbruchmuseum.de\/wp-content\/uploads\/2023\/02\/bbbbuch.svg","articleSection":["Medienudownload","Museum Digital"],"inLanguage":"pl-PL"},{"@type":"WebPage","@id":"https:\/\/oderbruchmuseum.de\/info-material\/","url":"https:\/\/oderbruchmuseum.de\/info-material\/","name":"Biblioteka do pobrania - Muzeum Oderbruch Altranft","isPartOf":{"@id":"https:\/\/oderbruchmuseum.de\/#website"},"primaryImageOfPage":{"@id":"https:\/\/oderbruchmuseum.de\/info-material\/#primaryimage"},"image":{"@id":"https:\/\/oderbruchmuseum.de\/info-material\/#primaryimage"},"thumbnailUrl":"https:\/\/oderbruchmuseum.de\/wp-content\/uploads\/2023\/02\/bbbbuch.svg","datePublished":"2020-06-03T10:36:16+00:00","dateModified":"2026-02-18T12:54:33+00:00","description":"Tutaj znajdziesz nasze publikacje i dokumentacj\u0119 dotycz\u0105c\u0105 Muzeum Oderbruch.","breadcrumb":{"@id":"https:\/\/oderbruchmuseum.de\/info-material\/#breadcrumb"},"inLanguage":"pl-PL","potentialAction":[{"@type":"ReadAction","target":["https:\/\/oderbruchmuseum.de\/info-material\/"]}]},{"@type":"ImageObject","inLanguage":"pl-PL","@id":"https:\/\/oderbruchmuseum.de\/info-material\/#primaryimage","url":"https:\/\/oderbruchmuseum.de\/wp-content\/uploads\/2023\/02\/bbbbuch.svg","contentUrl":"https:\/\/oderbruchmuseum.de\/wp-content\/uploads\/2023\/02\/bbbbuch.svg"},{"@type":"BreadcrumbList","@id":"https:\/\/oderbruchmuseum.de\/info-material\/#breadcrumb","itemListElement":[{"@type":"ListItem","position":1,"name":"Startseite","item":"https:\/\/oderbruchmuseum.de\/"},{"@type":"ListItem","position":2,"name":"Download Bibliothek"}]},{"@type":"WebSite","@id":"https:\/\/oderbruchmuseum.de\/#website","url":"https:\/\/oderbruchmuseum.de\/","name":"Muzeum Oderbruch Altranft","description":"Warsztaty kultury wiejskiej","publisher":{"@id":"https:\/\/oderbruchmuseum.de\/#organization"},"potentialAction":[{"@type":"SearchAction","target":{"@type":"EntryPoint","urlTemplate":"https:\/\/oderbruchmuseum.de\/?s={search_term_string}"},"query-input":{"@type":"PropertyValueSpecification","valueRequired":true,"valueName":"search_term_string"}}],"inLanguage":"pl-PL"},{"@type":"Organization","@id":"https:\/\/oderbruchmuseum.de\/#organization","name":"Muzeum Oderbruch","url":"https:\/\/oderbruchmuseum.de\/","logo":{"@type":"ImageObject","inLanguage":"pl-PL","@id":"https:\/\/oderbruchmuseum.de\/#\/schema\/logo\/image\/","url":"https:\/\/oderbruchmuseum.de\/wp-content\/uploads\/2020\/05\/rad-oderbruchmuseum.png","contentUrl":"https:\/\/oderbruchmuseum.de\/wp-content\/uploads\/2020\/05\/rad-oderbruchmuseum.png","width":487,"height":451,"caption":"Oderbruchmuseum"},"image":{"@id":"https:\/\/oderbruchmuseum.de\/#\/schema\/logo\/image\/"},"sameAs":["https:\/\/www.facebook.com\/oderbruchmuseum\/","https:\/\/www.instagram.com\/oderbruchmuseum\/"]},{"@type":"Person","@id":"https:\/\/oderbruchmuseum.de\/#\/schema\/person\/93512e3f164d102fa56fa4f3be852903","name":"lub muzeum z\u0142ama\u0144","image":{"@type":"ImageObject","inLanguage":"pl-PL","@id":"https:\/\/secure.gravatar.com\/avatar\/4cb85b2fcffa9ea28f25b7fb4c0f736311c2de7d30be78953131dbbd284af8bf?s=96&d=mm&r=g","url":"https:\/\/secure.gravatar.com\/avatar\/4cb85b2fcffa9ea28f25b7fb4c0f736311c2de7d30be78953131dbbd284af8bf?s=96&d=mm&r=g","contentUrl":"https:\/\/secure.gravatar.com\/avatar\/4cb85b2fcffa9ea28f25b7fb4c0f736311c2de7d30be78953131dbbd284af8bf?s=96&d=mm&r=g","caption":"oderbruchmuseum"},"url":"https:\/\/oderbruchmuseum.de\/pl\/author\/marenbuhmann\/"}]}},"jetpack_featured_media_url":"https:\/\/oderbruchmuseum.de\/wp-content\/uploads\/2023\/02\/bbbbuch.svg","jetpack_sharing_enabled":true,"_links":{"self":[{"href":"https:\/\/oderbruchmuseum.de\/pl\/wp-json\/wp\/v2\/posts\/1432","targetHints":{"allow":["GET"]}}],"collection":[{"href":"https:\/\/oderbruchmuseum.de\/pl\/wp-json\/wp\/v2\/posts"}],"about":[{"href":"https:\/\/oderbruchmuseum.de\/pl\/wp-json\/wp\/v2\/types\/post"}],"author":[{"embeddable":true,"href":"https:\/\/oderbruchmuseum.de\/pl\/wp-json\/wp\/v2\/users\/1"}],"replies":[{"embeddable":true,"href":"https:\/\/oderbruchmuseum.de\/pl\/wp-json\/wp\/v2\/comments?post=1432"}],"version-history":[{"count":7,"href":"https:\/\/oderbruchmuseum.de\/pl\/wp-json\/wp\/v2\/posts\/1432\/revisions"}],"predecessor-version":[{"id":15583,"href":"https:\/\/oderbruchmuseum.de\/pl\/wp-json\/wp\/v2\/posts\/1432\/revisions\/15583"}],"wp:featuredmedia":[{"embeddable":true,"href":"https:\/\/oderbruchmuseum.de\/pl\/wp-json\/wp\/v2\/media\/10505"}],"wp:attachment":[{"href":"https:\/\/oderbruchmuseum.de\/pl\/wp-json\/wp\/v2\/media?parent=1432"}],"wp:term":[{"taxonomy":"category","embeddable":true,"href":"https:\/\/oderbruchmuseum.de\/pl\/wp-json\/wp\/v2\/categories?post=1432"},{"taxonomy":"post_tag","embeddable":true,"href":"https:\/\/oderbruchmuseum.de\/pl\/wp-json\/wp\/v2\/tags?post=1432"}],"curies":[{"name":"wp","href":"https:\/\/api.w.org\/{rel}","templated":true}]}}