{"id":13657,"date":"2024-06-26T12:49:09","date_gmt":"2024-06-26T10:49:09","guid":{"rendered":"https:\/\/oderbruchmuseum.de\/?p=13657"},"modified":"2024-06-26T13:07:21","modified_gmt":"2024-06-26T11:07:21","slug":"die-2-paffen-tour-fahrradexkursion-und-hubertusmesse","status":"publish","type":"post","link":"https:\/\/oderbruchmuseum.de\/pl\/die-2-paffen-tour-fahrradexkursion-und-hubertusmesse\/","title":{"rendered":"II Paffen Tour - wycieczka rowerowa i msza \u015bw. w dniu \u015bw. Huberta."},"content":{"rendered":"<figure class=\"wp-block-image size-full is-resized\"><img loading=\"lazy\" decoding=\"async\" width=\"800\" height=\"533\" data-attachment-id=\"13659\" data-permalink=\"https:\/\/oderbruchmuseum.de\/pl\/die-2-paffen-tour-fahrradexkursion-und-hubertusmesse\/pfaffen\/\" data-orig-file=\"https:\/\/oderbruchmuseum.de\/wp-content\/uploads\/2024\/06\/pfaffen.webp\" data-orig-size=\"800,533\" data-comments-opened=\"0\" data-image-meta=\"{&quot;aperture&quot;:&quot;0&quot;,&quot;credit&quot;:&quot;&quot;,&quot;camera&quot;:&quot;&quot;,&quot;caption&quot;:&quot;&quot;,&quot;created_timestamp&quot;:&quot;0&quot;,&quot;copyright&quot;:&quot;&quot;,&quot;focal_length&quot;:&quot;0&quot;,&quot;iso&quot;:&quot;0&quot;,&quot;shutter_speed&quot;:&quot;0&quot;,&quot;title&quot;:&quot;&quot;,&quot;orientation&quot;:&quot;0&quot;}\" data-image-title=\"pfaffen\" data-image-description=\"\" data-image-caption=\"\" data-large-file=\"https:\/\/oderbruchmuseum.de\/wp-content\/uploads\/2024\/06\/pfaffen.webp\" src=\"https:\/\/oderbruchmuseum.de\/wp-content\/uploads\/2024\/06\/pfaffen.webp\" alt=\"\" class=\"wp-image-13659\" style=\"width:880px;height:auto\" srcset=\"https:\/\/oderbruchmuseum.de\/wp-content\/uploads\/2024\/06\/pfaffen.webp 800w, https:\/\/oderbruchmuseum.de\/wp-content\/uploads\/2024\/06\/pfaffen-300x200.webp 300w, https:\/\/oderbruchmuseum.de\/wp-content\/uploads\/2024\/06\/pfaffen-768x512.webp 768w, https:\/\/oderbruchmuseum.de\/wp-content\/uploads\/2024\/06\/pfaffen-18x12.webp 18w\" sizes=\"auto, (max-width: 800px) 100vw, 800px\" \/><\/figure>\n\n\n\n<h3 class=\"wp-block-heading\">Start odb\u0119dzie si\u0119 07 lipca o godzinie 13:00 w Sietzing<\/h3>\n\n\n\n<p>2nd Pfaffen Tour organizowany przez Freundeskreis Fachwerkkirche Sietzing e.V. to wycieczka rowerowa z przewodnikiem, kt\u00f3ra o\u017cywia histori\u0119 Oderbruch, jego krajobraz i specjalne miejsca dziedzictwa. Wycieczka rozpoczyna si\u0119 w Sietzing o godzinie 13:00 i ko\u0144czy r\u00f3wnie\u017c w Sietzing. Opr\u00f3cz zwiedzania z przewodnikiem ko\u015bcio\u0142\u00f3w w Altbarnim, Altlewin i Sietzing, wycieczka obejmuje r\u00f3wnie\u017c najd\u0142u\u017csz\u0105 alej\u0119 lipow\u0105 w Oderbruch i Brandenburgii w Neubarnim. Jest to punkt orientacyjny wioski kolonist\u00f3w, kt\u00f3ra zosta\u0142a zbudowana jako wioska uliczna w latach 1754-1756.<\/p>\n\n\n\n<p>Interesuj\u0105cy program na temat \"Nasz Oderbruch z jego flor\u0105 i faun\u0105\" rozpocznie si\u0119 o godzinie 16:00 w Sietzing i obejmie temat polowa\u0144. Jednym z cel\u00f3w jest zabawne zmniejszenie zastrze\u017ce\u0144 i obaw - zw\u0142aszcza w odniesieniu do dzieci - oraz stworzenie dost\u0119pu do fascynacji \u015bwiatem pszcz\u00f3\u0142, lis\u00f3w, jeleni, dzik\u00f3w i innych dzikich zwierz\u0105t oraz rozbudzenie \u015bwiadomo\u015bci ekologicznej dla Oderbruch.<\/p>\n\n\n\n<p>O godzinie 17:00 w odrestaurowanym ko\u015bciele z muru pruskiego w Sietzing odb\u0119dzie si\u0119 nabo\u017ce\u0144stwo z d\u017awi\u0119kami rog\u00f3w my\u015bliwskich na temat \"Polowanie\" w swobodnej interpretacji mszy \u015bw. Huberta.<\/p>\n\n\n\n<p>Wycieczka jest \u0142atwa i odpowiednia dla wszystkich grup wiekowych, zw\u0142aszcza dzieci i m\u0142odzie\u017cy.<\/p>\n\n\n\n<p>Na zako\u0144czenie mo\u017cna od\u015bwie\u017cy\u0107 si\u0119 przy \"Dzikim Stole\" i zastanowi\u0107 si\u0119 nad podr\u00f3\u017c\u0105 i wra\u017ceniami przy ch\u0142odnym napoju.<\/p>\n\n\n\n<p>Prosimy o zarejestrowanie si\u0119 na wycieczk\u0119 do 3 lipca 2024 r:<\/p>\n\n\n\n<p>Ines Zochert-K\u00f6hn: 0162 2079012 lub zochert-koehn@t-online.de<\/p>\n\n\n\n<p>Program drugiej trasy koncertowej Pfaffen.<\/p>\n\n\n\n<div data-wp-interactive=\"core\/file\" class=\"wp-block-file\"><object data-wp-bind--hidden=\"!state.hasPdfPreview\" hidden class=\"wp-block-file__embed\" data=\"https:\/\/oderbruchmuseum.de\/wp-content\/uploads\/2024\/06\/Flyer-24_06.pdf\" type=\"application\/pdf\" style=\"width:100%;height:600px\" aria-label=\"Osadzone z Ulotka 24_06.\"><\/object><a id=\"wp-block-file--media-2de7492d-4c89-486f-92f4-8bca41ccf308\" href=\"https:\/\/oderbruchmuseum.de\/wp-content\/uploads\/2024\/06\/Flyer-24_06.pdf\">Ulotka 24_06<\/a><a href=\"https:\/\/oderbruchmuseum.de\/wp-content\/uploads\/2024\/06\/Flyer-24_06.pdf\" class=\"wp-block-file__button wp-element-button\" download aria-describedby=\"wp-block-file--media-2de7492d-4c89-486f-92f4-8bca41ccf308\">Pobierz<\/a><\/div>\n\n\n\n<p>Wraz z drugim Pfaffentour, \"Freundeskreis Sietzinger Fachwerkkirche e.V.\" nawi\u0105zuje do corocznego projektu o tematyce przyrodniczej \"Die Paffen Kr\u00e4uter Tour\" i ustanawia zwi\u0105zek mi\u0119dzy ko\u015bcio\u0142em, my\u015bliwymi i \u015brodowiskiem naturalnym poprzez ma\u0142e wystawy w odwiedzanych ko\u015bcio\u0142ach. Msza Hubertus jako nabo\u017ce\u0144stwo my\u015bliwskie od dawna jest cz\u0119\u015bci\u0105 tradycji ko\u015bcielnej na obszarach wiejskich.<\/p>","protected":false},"excerpt":{"rendered":"<p>Start odb\u0119dzie si\u0119 07 lipca o godzinie 13:00 w Sietzing<\/p>","protected":false},"author":1,"featured_media":13659,"comment_status":"closed","ping_status":"closed","sticky":false,"template":"","format":"standard","meta":{"inline_featured_image":false,"_jetpack_memberships_contains_paid_content":false,"footnotes":""},"categories":[154],"tags":[],"class_list":["post-13657","post","type-post","status-publish","format-standard","has-post-thumbnail","hentry","category-partnerprojekte-2024"],"yoast_head":"<!-- This site is optimized with the Yoast SEO plugin v27.4 - https:\/\/yoast.com\/product\/yoast-seo-wordpress\/ -->\n<title>Die 2. Paffen-Tour \u2013 Fahrradexkursion und Hubertusmesse. - Oderbruch Museum Altranft<\/title>\n<meta name=\"robots\" content=\"index, follow, max-snippet:-1, max-image-preview:large, max-video-preview:-1\" \/>\n<link rel=\"canonical\" href=\"https:\/\/oderbruchmuseum.de\/pl\/die-2-paffen-tour-fahrradexkursion-und-hubertusmesse\/\" \/>\n<meta property=\"og:locale\" content=\"pl_PL\" \/>\n<meta property=\"og:type\" content=\"article\" \/>\n<meta property=\"og:title\" content=\"Die 2. Paffen-Tour \u2013 Fahrradexkursion und Hubertusmesse. - Oderbruch Museum Altranft\" \/>\n<meta property=\"og:description\" content=\"Der Start ist am 07.Juli um 13.00 Uhr in Sietzing\" \/>\n<meta property=\"og:url\" content=\"https:\/\/oderbruchmuseum.de\/pl\/die-2-paffen-tour-fahrradexkursion-und-hubertusmesse\/\" \/>\n<meta property=\"og:site_name\" content=\"Oderbruch Museum Altranft\" \/>\n<meta property=\"article:publisher\" content=\"https:\/\/www.facebook.com\/oderbruchmuseum\/\" \/>\n<meta property=\"article:published_time\" content=\"2024-06-26T10:49:09+00:00\" \/>\n<meta property=\"article:modified_time\" content=\"2024-06-26T11:07:21+00:00\" \/>\n<meta property=\"og:image\" content=\"https:\/\/oderbruchmuseum.de\/wp-content\/uploads\/2024\/06\/pfaffen.webp\" \/>\n\t<meta property=\"og:image:width\" content=\"800\" \/>\n\t<meta property=\"og:image:height\" content=\"533\" \/>\n\t<meta property=\"og:image:type\" content=\"image\/webp\" \/>\n<meta name=\"author\" content=\"oderbruchmuseum\" \/>\n<meta name=\"twitter:card\" content=\"summary_large_image\" \/>\n<meta name=\"twitter:label1\" content=\"Napisane przez\" \/>\n\t<meta name=\"twitter:data1\" content=\"oderbruchmuseum\" \/>\n\t<meta name=\"twitter:label2\" content=\"Szacowany czas czytania\" \/>\n\t<meta name=\"twitter:data2\" content=\"3 minuty\" \/>\n<script type=\"application\/ld+json\" class=\"yoast-schema-graph\">{\"@context\":\"https:\\\/\\\/schema.org\",\"@graph\":[{\"@type\":\"Article\",\"@id\":\"https:\\\/\\\/oderbruchmuseum.de\\\/die-2-paffen-tour-fahrradexkursion-und-hubertusmesse\\\/#article\",\"isPartOf\":{\"@id\":\"https:\\\/\\\/oderbruchmuseum.de\\\/die-2-paffen-tour-fahrradexkursion-und-hubertusmesse\\\/\"},\"author\":{\"name\":\"oderbruchmuseum\",\"@id\":\"https:\\\/\\\/oderbruchmuseum.de\\\/#\\\/schema\\\/person\\\/93512e3f164d102fa56fa4f3be852903\"},\"headline\":\"Die 2. Paffen-Tour \u2013 Fahrradexkursion und Hubertusmesse.\",\"datePublished\":\"2024-06-26T10:49:09+00:00\",\"dateModified\":\"2024-06-26T11:07:21+00:00\",\"mainEntityOfPage\":{\"@id\":\"https:\\\/\\\/oderbruchmuseum.de\\\/die-2-paffen-tour-fahrradexkursion-und-hubertusmesse\\\/\"},\"wordCount\":305,\"publisher\":{\"@id\":\"https:\\\/\\\/oderbruchmuseum.de\\\/#organization\"},\"image\":{\"@id\":\"https:\\\/\\\/oderbruchmuseum.de\\\/die-2-paffen-tour-fahrradexkursion-und-hubertusmesse\\\/#primaryimage\"},\"thumbnailUrl\":\"https:\\\/\\\/oderbruchmuseum.de\\\/wp-content\\\/uploads\\\/2024\\\/06\\\/pfaffen.webp\",\"articleSection\":[\"Partnerprojekte 2024\"],\"inLanguage\":\"pl-PL\"},{\"@type\":\"WebPage\",\"@id\":\"https:\\\/\\\/oderbruchmuseum.de\\\/die-2-paffen-tour-fahrradexkursion-und-hubertusmesse\\\/\",\"url\":\"https:\\\/\\\/oderbruchmuseum.de\\\/die-2-paffen-tour-fahrradexkursion-und-hubertusmesse\\\/\",\"name\":\"Die 2. Paffen-Tour \u2013 Fahrradexkursion und Hubertusmesse. - Oderbruch Museum Altranft\",\"isPartOf\":{\"@id\":\"https:\\\/\\\/oderbruchmuseum.de\\\/#website\"},\"primaryImageOfPage\":{\"@id\":\"https:\\\/\\\/oderbruchmuseum.de\\\/die-2-paffen-tour-fahrradexkursion-und-hubertusmesse\\\/#primaryimage\"},\"image\":{\"@id\":\"https:\\\/\\\/oderbruchmuseum.de\\\/die-2-paffen-tour-fahrradexkursion-und-hubertusmesse\\\/#primaryimage\"},\"thumbnailUrl\":\"https:\\\/\\\/oderbruchmuseum.de\\\/wp-content\\\/uploads\\\/2024\\\/06\\\/pfaffen.webp\",\"datePublished\":\"2024-06-26T10:49:09+00:00\",\"dateModified\":\"2024-06-26T11:07:21+00:00\",\"breadcrumb\":{\"@id\":\"https:\\\/\\\/oderbruchmuseum.de\\\/die-2-paffen-tour-fahrradexkursion-und-hubertusmesse\\\/#breadcrumb\"},\"inLanguage\":\"pl-PL\",\"potentialAction\":[{\"@type\":\"ReadAction\",\"target\":[\"https:\\\/\\\/oderbruchmuseum.de\\\/die-2-paffen-tour-fahrradexkursion-und-hubertusmesse\\\/\"]}]},{\"@type\":\"ImageObject\",\"inLanguage\":\"pl-PL\",\"@id\":\"https:\\\/\\\/oderbruchmuseum.de\\\/die-2-paffen-tour-fahrradexkursion-und-hubertusmesse\\\/#primaryimage\",\"url\":\"https:\\\/\\\/oderbruchmuseum.de\\\/wp-content\\\/uploads\\\/2024\\\/06\\\/pfaffen.webp\",\"contentUrl\":\"https:\\\/\\\/oderbruchmuseum.de\\\/wp-content\\\/uploads\\\/2024\\\/06\\\/pfaffen.webp\",\"width\":800,\"height\":533},{\"@type\":\"BreadcrumbList\",\"@id\":\"https:\\\/\\\/oderbruchmuseum.de\\\/die-2-paffen-tour-fahrradexkursion-und-hubertusmesse\\\/#breadcrumb\",\"itemListElement\":[{\"@type\":\"ListItem\",\"position\":1,\"name\":\"Startseite\",\"item\":\"https:\\\/\\\/oderbruchmuseum.de\\\/\"},{\"@type\":\"ListItem\",\"position\":2,\"name\":\"Die 2. Paffen-Tour \u2013 Fahrradexkursion und Hubertusmesse.\"}]},{\"@type\":\"WebSite\",\"@id\":\"https:\\\/\\\/oderbruchmuseum.de\\\/#website\",\"url\":\"https:\\\/\\\/oderbruchmuseum.de\\\/\",\"name\":\"Oderbruchmuseum Altranft\",\"description\":\"Werkstatt f\u00fcr l\u00e4ndliche Kultur\",\"publisher\":{\"@id\":\"https:\\\/\\\/oderbruchmuseum.de\\\/#organization\"},\"potentialAction\":[{\"@type\":\"SearchAction\",\"target\":{\"@type\":\"EntryPoint\",\"urlTemplate\":\"https:\\\/\\\/oderbruchmuseum.de\\\/?s={search_term_string}\"},\"query-input\":{\"@type\":\"PropertyValueSpecification\",\"valueRequired\":true,\"valueName\":\"search_term_string\"}}],\"inLanguage\":\"pl-PL\"},{\"@type\":\"Organization\",\"@id\":\"https:\\\/\\\/oderbruchmuseum.de\\\/#organization\",\"name\":\"Oderbruchmuseum\",\"url\":\"https:\\\/\\\/oderbruchmuseum.de\\\/\",\"logo\":{\"@type\":\"ImageObject\",\"inLanguage\":\"pl-PL\",\"@id\":\"https:\\\/\\\/oderbruchmuseum.de\\\/#\\\/schema\\\/logo\\\/image\\\/\",\"url\":\"https:\\\/\\\/oderbruchmuseum.de\\\/wp-content\\\/uploads\\\/2020\\\/05\\\/rad-oderbruchmuseum.png\",\"contentUrl\":\"https:\\\/\\\/oderbruchmuseum.de\\\/wp-content\\\/uploads\\\/2020\\\/05\\\/rad-oderbruchmuseum.png\",\"width\":487,\"height\":451,\"caption\":\"Oderbruchmuseum\"},\"image\":{\"@id\":\"https:\\\/\\\/oderbruchmuseum.de\\\/#\\\/schema\\\/logo\\\/image\\\/\"},\"sameAs\":[\"https:\\\/\\\/www.facebook.com\\\/oderbruchmuseum\\\/\",\"https:\\\/\\\/www.instagram.com\\\/oderbruchmuseum\\\/\"]},{\"@type\":\"Person\",\"@id\":\"https:\\\/\\\/oderbruchmuseum.de\\\/#\\\/schema\\\/person\\\/93512e3f164d102fa56fa4f3be852903\",\"name\":\"oderbruchmuseum\",\"image\":{\"@type\":\"ImageObject\",\"inLanguage\":\"pl-PL\",\"@id\":\"https:\\\/\\\/secure.gravatar.com\\\/avatar\\\/4cb85b2fcffa9ea28f25b7fb4c0f736311c2de7d30be78953131dbbd284af8bf?s=96&d=mm&r=g\",\"url\":\"https:\\\/\\\/secure.gravatar.com\\\/avatar\\\/4cb85b2fcffa9ea28f25b7fb4c0f736311c2de7d30be78953131dbbd284af8bf?s=96&d=mm&r=g\",\"contentUrl\":\"https:\\\/\\\/secure.gravatar.com\\\/avatar\\\/4cb85b2fcffa9ea28f25b7fb4c0f736311c2de7d30be78953131dbbd284af8bf?s=96&d=mm&r=g\",\"caption\":\"oderbruchmuseum\"},\"url\":\"https:\\\/\\\/oderbruchmuseum.de\\\/pl\\\/author\\\/marenbuhmann\\\/\"}]}<\/script>\n<!-- \/ Yoast SEO plugin. -->","yoast_head_json":{"title":"2. Paffen Tour - wycieczka rowerowa i jarmark \u015bw. Huberta. - Oderbruch Museum Altranft","robots":{"index":"index","follow":"follow","max-snippet":"max-snippet:-1","max-image-preview":"max-image-preview:large","max-video-preview":"max-video-preview:-1"},"canonical":"https:\/\/oderbruchmuseum.de\/pl\/die-2-paffen-tour-fahrradexkursion-und-hubertusmesse\/","og_locale":"pl_PL","og_type":"article","og_title":"Die 2. Paffen-Tour \u2013 Fahrradexkursion und Hubertusmesse. - Oderbruch Museum Altranft","og_description":"Der Start ist am 07.Juli um 13.00 Uhr in Sietzing","og_url":"https:\/\/oderbruchmuseum.de\/pl\/die-2-paffen-tour-fahrradexkursion-und-hubertusmesse\/","og_site_name":"Oderbruch Museum Altranft","article_publisher":"https:\/\/www.facebook.com\/oderbruchmuseum\/","article_published_time":"2024-06-26T10:49:09+00:00","article_modified_time":"2024-06-26T11:07:21+00:00","og_image":[{"width":800,"height":533,"url":"https:\/\/oderbruchmuseum.de\/wp-content\/uploads\/2024\/06\/pfaffen.webp","type":"image\/webp"}],"author":"oderbruchmuseum","twitter_card":"summary_large_image","twitter_misc":{"Napisane przez":"oderbruchmuseum","Szacowany czas czytania":"3 minuty"},"schema":{"@context":"https:\/\/schema.org","@graph":[{"@type":"Article","@id":"https:\/\/oderbruchmuseum.de\/die-2-paffen-tour-fahrradexkursion-und-hubertusmesse\/#article","isPartOf":{"@id":"https:\/\/oderbruchmuseum.de\/die-2-paffen-tour-fahrradexkursion-und-hubertusmesse\/"},"author":{"name":"oderbruchmuseum","@id":"https:\/\/oderbruchmuseum.de\/#\/schema\/person\/93512e3f164d102fa56fa4f3be852903"},"headline":"Die 2. Paffen-Tour \u2013 Fahrradexkursion und Hubertusmesse.","datePublished":"2024-06-26T10:49:09+00:00","dateModified":"2024-06-26T11:07:21+00:00","mainEntityOfPage":{"@id":"https:\/\/oderbruchmuseum.de\/die-2-paffen-tour-fahrradexkursion-und-hubertusmesse\/"},"wordCount":305,"publisher":{"@id":"https:\/\/oderbruchmuseum.de\/#organization"},"image":{"@id":"https:\/\/oderbruchmuseum.de\/die-2-paffen-tour-fahrradexkursion-und-hubertusmesse\/#primaryimage"},"thumbnailUrl":"https:\/\/oderbruchmuseum.de\/wp-content\/uploads\/2024\/06\/pfaffen.webp","articleSection":["Partnerprojekte 2024"],"inLanguage":"pl-PL"},{"@type":"WebPage","@id":"https:\/\/oderbruchmuseum.de\/die-2-paffen-tour-fahrradexkursion-und-hubertusmesse\/","url":"https:\/\/oderbruchmuseum.de\/die-2-paffen-tour-fahrradexkursion-und-hubertusmesse\/","name":"2. Paffen Tour - wycieczka rowerowa i jarmark \u015bw. Huberta. - Oderbruch Museum Altranft","isPartOf":{"@id":"https:\/\/oderbruchmuseum.de\/#website"},"primaryImageOfPage":{"@id":"https:\/\/oderbruchmuseum.de\/die-2-paffen-tour-fahrradexkursion-und-hubertusmesse\/#primaryimage"},"image":{"@id":"https:\/\/oderbruchmuseum.de\/die-2-paffen-tour-fahrradexkursion-und-hubertusmesse\/#primaryimage"},"thumbnailUrl":"https:\/\/oderbruchmuseum.de\/wp-content\/uploads\/2024\/06\/pfaffen.webp","datePublished":"2024-06-26T10:49:09+00:00","dateModified":"2024-06-26T11:07:21+00:00","breadcrumb":{"@id":"https:\/\/oderbruchmuseum.de\/die-2-paffen-tour-fahrradexkursion-und-hubertusmesse\/#breadcrumb"},"inLanguage":"pl-PL","potentialAction":[{"@type":"ReadAction","target":["https:\/\/oderbruchmuseum.de\/die-2-paffen-tour-fahrradexkursion-und-hubertusmesse\/"]}]},{"@type":"ImageObject","inLanguage":"pl-PL","@id":"https:\/\/oderbruchmuseum.de\/die-2-paffen-tour-fahrradexkursion-und-hubertusmesse\/#primaryimage","url":"https:\/\/oderbruchmuseum.de\/wp-content\/uploads\/2024\/06\/pfaffen.webp","contentUrl":"https:\/\/oderbruchmuseum.de\/wp-content\/uploads\/2024\/06\/pfaffen.webp","width":800,"height":533},{"@type":"BreadcrumbList","@id":"https:\/\/oderbruchmuseum.de\/die-2-paffen-tour-fahrradexkursion-und-hubertusmesse\/#breadcrumb","itemListElement":[{"@type":"ListItem","position":1,"name":"Startseite","item":"https:\/\/oderbruchmuseum.de\/"},{"@type":"ListItem","position":2,"name":"Die 2. Paffen-Tour \u2013 Fahrradexkursion und Hubertusmesse."}]},{"@type":"WebSite","@id":"https:\/\/oderbruchmuseum.de\/#website","url":"https:\/\/oderbruchmuseum.de\/","name":"Muzeum Oderbruch Altranft","description":"Warsztaty kultury wiejskiej","publisher":{"@id":"https:\/\/oderbruchmuseum.de\/#organization"},"potentialAction":[{"@type":"SearchAction","target":{"@type":"EntryPoint","urlTemplate":"https:\/\/oderbruchmuseum.de\/?s={search_term_string}"},"query-input":{"@type":"PropertyValueSpecification","valueRequired":true,"valueName":"search_term_string"}}],"inLanguage":"pl-PL"},{"@type":"Organization","@id":"https:\/\/oderbruchmuseum.de\/#organization","name":"Muzeum Oderbruch","url":"https:\/\/oderbruchmuseum.de\/","logo":{"@type":"ImageObject","inLanguage":"pl-PL","@id":"https:\/\/oderbruchmuseum.de\/#\/schema\/logo\/image\/","url":"https:\/\/oderbruchmuseum.de\/wp-content\/uploads\/2020\/05\/rad-oderbruchmuseum.png","contentUrl":"https:\/\/oderbruchmuseum.de\/wp-content\/uploads\/2020\/05\/rad-oderbruchmuseum.png","width":487,"height":451,"caption":"Oderbruchmuseum"},"image":{"@id":"https:\/\/oderbruchmuseum.de\/#\/schema\/logo\/image\/"},"sameAs":["https:\/\/www.facebook.com\/oderbruchmuseum\/","https:\/\/www.instagram.com\/oderbruchmuseum\/"]},{"@type":"Person","@id":"https:\/\/oderbruchmuseum.de\/#\/schema\/person\/93512e3f164d102fa56fa4f3be852903","name":"lub muzeum z\u0142ama\u0144","image":{"@type":"ImageObject","inLanguage":"pl-PL","@id":"https:\/\/secure.gravatar.com\/avatar\/4cb85b2fcffa9ea28f25b7fb4c0f736311c2de7d30be78953131dbbd284af8bf?s=96&d=mm&r=g","url":"https:\/\/secure.gravatar.com\/avatar\/4cb85b2fcffa9ea28f25b7fb4c0f736311c2de7d30be78953131dbbd284af8bf?s=96&d=mm&r=g","contentUrl":"https:\/\/secure.gravatar.com\/avatar\/4cb85b2fcffa9ea28f25b7fb4c0f736311c2de7d30be78953131dbbd284af8bf?s=96&d=mm&r=g","caption":"oderbruchmuseum"},"url":"https:\/\/oderbruchmuseum.de\/pl\/author\/marenbuhmann\/"}]}},"jetpack_featured_media_url":"https:\/\/oderbruchmuseum.de\/wp-content\/uploads\/2024\/06\/pfaffen.webp","jetpack_sharing_enabled":true,"_links":{"self":[{"href":"https:\/\/oderbruchmuseum.de\/pl\/wp-json\/wp\/v2\/posts\/13657","targetHints":{"allow":["GET"]}}],"collection":[{"href":"https:\/\/oderbruchmuseum.de\/pl\/wp-json\/wp\/v2\/posts"}],"about":[{"href":"https:\/\/oderbruchmuseum.de\/pl\/wp-json\/wp\/v2\/types\/post"}],"author":[{"embeddable":true,"href":"https:\/\/oderbruchmuseum.de\/pl\/wp-json\/wp\/v2\/users\/1"}],"replies":[{"embeddable":true,"href":"https:\/\/oderbruchmuseum.de\/pl\/wp-json\/wp\/v2\/comments?post=13657"}],"version-history":[{"count":0,"href":"https:\/\/oderbruchmuseum.de\/pl\/wp-json\/wp\/v2\/posts\/13657\/revisions"}],"wp:featuredmedia":[{"embeddable":true,"href":"https:\/\/oderbruchmuseum.de\/pl\/wp-json\/wp\/v2\/media\/13659"}],"wp:attachment":[{"href":"https:\/\/oderbruchmuseum.de\/pl\/wp-json\/wp\/v2\/media?parent=13657"}],"wp:term":[{"taxonomy":"category","embeddable":true,"href":"https:\/\/oderbruchmuseum.de\/pl\/wp-json\/wp\/v2\/categories?post=13657"},{"taxonomy":"post_tag","embeddable":true,"href":"https:\/\/oderbruchmuseum.de\/pl\/wp-json\/wp\/v2\/tags?post=13657"}],"curies":[{"name":"wp","href":"https:\/\/api.w.org\/{rel}","templated":true}]}}