{"id":13630,"date":"2024-06-15T14:01:55","date_gmt":"2024-06-15T12:01:55","guid":{"rendered":"https:\/\/oderbruchmuseum.de\/?p=13630"},"modified":"2024-06-15T14:10:24","modified_gmt":"2024-06-15T12:10:24","slug":"lux-aeterna-vom-lernen-und-beten","status":"publish","type":"post","link":"https:\/\/oderbruchmuseum.de\/pl\/lux-aeterna-vom-lernen-und-beten\/","title":{"rendered":"LUX AETERNA - Nauka i modlitwa"},"content":{"rendered":"<figure class=\"wp-block-gallery has-nested-images columns-default is-cropped wp-block-gallery-1 is-layout-flex wp-block-gallery-is-layout-flex\">\n<figure class=\"wp-block-image size-full\"><img loading=\"lazy\" decoding=\"async\" width=\"800\" height=\"800\" data-attachment-id=\"13639\" data-permalink=\"https:\/\/oderbruchmuseum.de\/pl\/lux-2\/\" data-orig-file=\"https:\/\/oderbruchmuseum.de\/wp-content\/uploads\/2024\/06\/Lux-2.webp\" data-orig-size=\"800,800\" data-comments-opened=\"0\" data-image-meta=\"{&quot;aperture&quot;:&quot;0&quot;,&quot;credit&quot;:&quot;&quot;,&quot;camera&quot;:&quot;&quot;,&quot;caption&quot;:&quot;&quot;,&quot;created_timestamp&quot;:&quot;0&quot;,&quot;copyright&quot;:&quot;&quot;,&quot;focal_length&quot;:&quot;0&quot;,&quot;iso&quot;:&quot;0&quot;,&quot;shutter_speed&quot;:&quot;0&quot;,&quot;title&quot;:&quot;&quot;,&quot;orientation&quot;:&quot;0&quot;}\" data-image-title=\"Lux 2\" data-image-description=\"\" data-image-caption=\"\" data-large-file=\"https:\/\/oderbruchmuseum.de\/wp-content\/uploads\/2024\/06\/Lux-2.webp\" data-id=\"13639\" src=\"https:\/\/oderbruchmuseum.de\/wp-content\/uploads\/2024\/06\/Lux-2.webp\" alt=\"\" class=\"wp-image-13639\" srcset=\"https:\/\/oderbruchmuseum.de\/wp-content\/uploads\/2024\/06\/Lux-2.webp 800w, https:\/\/oderbruchmuseum.de\/wp-content\/uploads\/2024\/06\/Lux-2-300x300.webp 300w, https:\/\/oderbruchmuseum.de\/wp-content\/uploads\/2024\/06\/Lux-2-150x150.webp 150w, https:\/\/oderbruchmuseum.de\/wp-content\/uploads\/2024\/06\/Lux-2-768x768.webp 768w, https:\/\/oderbruchmuseum.de\/wp-content\/uploads\/2024\/06\/Lux-2-12x12.webp 12w\" sizes=\"auto, (max-width: 800px) 100vw, 800px\" \/><\/figure>\n\n\n\n<figure class=\"wp-block-image size-full\"><img loading=\"lazy\" decoding=\"async\" width=\"800\" height=\"800\" data-attachment-id=\"13635\" data-permalink=\"https:\/\/oderbruchmuseum.de\/pl\/bau-1\/\" data-orig-file=\"https:\/\/oderbruchmuseum.de\/wp-content\/uploads\/2024\/06\/Bau-1.webp\" data-orig-size=\"800,800\" data-comments-opened=\"0\" data-image-meta=\"{&quot;aperture&quot;:&quot;0&quot;,&quot;credit&quot;:&quot;&quot;,&quot;camera&quot;:&quot;&quot;,&quot;caption&quot;:&quot;&quot;,&quot;created_timestamp&quot;:&quot;0&quot;,&quot;copyright&quot;:&quot;&quot;,&quot;focal_length&quot;:&quot;0&quot;,&quot;iso&quot;:&quot;0&quot;,&quot;shutter_speed&quot;:&quot;0&quot;,&quot;title&quot;:&quot;&quot;,&quot;orientation&quot;:&quot;0&quot;}\" data-image-title=\"Bau 1\" data-image-description=\"\" data-image-caption=\"\" data-large-file=\"https:\/\/oderbruchmuseum.de\/wp-content\/uploads\/2024\/06\/Bau-1.webp\" data-id=\"13635\" src=\"https:\/\/oderbruchmuseum.de\/wp-content\/uploads\/2024\/06\/Bau-1.webp\" alt=\"\" class=\"wp-image-13635\" srcset=\"https:\/\/oderbruchmuseum.de\/wp-content\/uploads\/2024\/06\/Bau-1.webp 800w, https:\/\/oderbruchmuseum.de\/wp-content\/uploads\/2024\/06\/Bau-1-300x300.webp 300w, https:\/\/oderbruchmuseum.de\/wp-content\/uploads\/2024\/06\/Bau-1-150x150.webp 150w, https:\/\/oderbruchmuseum.de\/wp-content\/uploads\/2024\/06\/Bau-1-768x768.webp 768w, https:\/\/oderbruchmuseum.de\/wp-content\/uploads\/2024\/06\/Bau-1-12x12.webp 12w\" sizes=\"auto, (max-width: 800px) 100vw, 800px\" \/><\/figure>\n<figcaption class=\"blocks-gallery-caption wp-element-caption\">Zdj\u0119cie Robert Weber \/ Zdj\u0119cie Lars Fischer<\/figcaption><\/figure>\n\n\n\n<h3 class=\"wp-block-heading\">Wystawa sztuki i rozmowa o szkole i domu modlitwy Altlangsow. Wystawa b\u0119dzie prezentowana do 23 czerwca 2024 r.<\/h3>\n\n\n\n<p>F\u00f6rderverein Schul- und Bethaus Altlangsow e.V. (Stowarzyszenie Szko\u0142y i Domu Modlitwy Altlangsow) skorzysta\u0142o z okazji roku tematycznego KO\u015aCI\u00d3\u0141, aby zaprezentowa\u0107 wystaw\u0119 artystyczno-dokumentaln\u0105 na temat zakopanych duchowych korzeni szko\u0142y i domu modlitwy, ale tak\u017ce na temat przekszta\u0142cenia tego miejsca w dzisiejsze centrum kultury i miejsce spotka\u0144 wsi.<\/p>\n\n\n\n<p>Brandenburski Urz\u0105d Ochrony Zabytk\u00f3w wymienia dziewi\u0119\u0107 zachowanych dom\u00f3w szkolno-modlitewnych, w tym trzy w M\u00e4rkisch-Oderland: Altlangsow (1832), Alttrebbin (1820) i Wuschewier (1764). Tutaj, podobnie jak w innych szko\u0142ach i domach modlitwy w Brandenburgii, ten typ budynku z po\u0142\u0105czeniem ko\u015bcielnej sali modlitewnej i sali szkolnej z mieszkaniem nauczyciela jest typowy dla skromnych warunk\u00f3w \u017cycia wiejskich parafii. Rezygnacja z reprezentacji i gest\u00f3w architektonicznych, zilustrowana drewnianymi, wolnostoj\u0105cymi dzwonnicami zamiast wie\u017c, oraz pomieszczenie funkcji sakralnych i szkolnych pod jednym dachem, odpowiada ograniczeniom ekonomicznym, ale tak\u017ce wizerunkowi pruskiego protestantyzmu.<\/p>\n\n\n\n<p>Szko\u0142a i dom modlitwy w Altlangsow wyr\u00f3\u017cnia si\u0119 na tle por\u00f3wnywalnych budynk\u00f3w w Brandenburgii wyrafinowanym wystrojem wn\u0119trz. Nawi\u0105zuje on do projekt\u00f3w Karla Friedricha Schinkla, kt\u00f3re zosta\u0142y wybrane przez kr\u00f3la Fryderyka Wilhelma III jako wz\u00f3r dla wiejskich ko\u015bcio\u0142\u00f3w w pruskich prowincjach (\"normalne ko\u015bcio\u0142y Schinkla\"). Zaskakuj\u0105ca dla odwiedzaj\u0105cych i niezwykle atrakcyjna dla artyst\u00f3w, sala nabo\u017ce\u0144stw cytuje patetyczne formu\u0142y klasycystycznego budownictwa ko\u015bcielnego, takie jak doryckie kolumny, sklepienie kolebkowe czy okno termiczne na g\u0142\u00f3wnej osi w prostym, \"wiejskim\" projekcie. Niemniej jednak pierwotne przeznaczenie budynku nie jest ju\u017c \u0142atwo rozpoznawalne. Jedynie dwie historyczne fotografie, pochodz\u0105ce prawdopodobnie z oko\u0142o 1900 roku, dokumentuj\u0105 dzwonnic\u0119 i krzy\u017c kalenicowy, o\u0142tarz ambonowy i \u0142awki - elementy, kt\u00f3re, z wyj\u0105tkiem trzech \u0142awek, zosta\u0142y utracone poza fragmentami.<\/p>\n\n\n\n<figure class=\"wp-block-gallery has-nested-images columns-default is-cropped wp-block-gallery-2 is-layout-flex wp-block-gallery-is-layout-flex\">\n<figure class=\"wp-block-image size-large\"><img loading=\"lazy\" decoding=\"async\" width=\"800\" height=\"601\" data-attachment-id=\"13641\" data-permalink=\"https:\/\/oderbruchmuseum.de\/pl\/bau-3\/\" data-orig-file=\"https:\/\/oderbruchmuseum.de\/wp-content\/uploads\/2024\/06\/Bau-3.webp\" data-orig-size=\"800,601\" data-comments-opened=\"0\" data-image-meta=\"{&quot;aperture&quot;:&quot;0&quot;,&quot;credit&quot;:&quot;&quot;,&quot;camera&quot;:&quot;&quot;,&quot;caption&quot;:&quot;&quot;,&quot;created_timestamp&quot;:&quot;0&quot;,&quot;copyright&quot;:&quot;&quot;,&quot;focal_length&quot;:&quot;0&quot;,&quot;iso&quot;:&quot;0&quot;,&quot;shutter_speed&quot;:&quot;0&quot;,&quot;title&quot;:&quot;&quot;,&quot;orientation&quot;:&quot;0&quot;}\" data-image-title=\"Bau 3\" data-image-description=\"\" data-image-caption=\"&lt;p&gt;Foto Lars Fischer&lt;\/p&gt;\" data-large-file=\"https:\/\/oderbruchmuseum.de\/wp-content\/uploads\/2024\/06\/Bau-3.webp\" data-id=\"13641\" src=\"https:\/\/oderbruchmuseum.de\/wp-content\/uploads\/2024\/06\/Bau-3.webp\" alt=\"\" class=\"wp-image-13641\" srcset=\"https:\/\/oderbruchmuseum.de\/wp-content\/uploads\/2024\/06\/Bau-3.webp 800w, https:\/\/oderbruchmuseum.de\/wp-content\/uploads\/2024\/06\/Bau-3-300x225.webp 300w, https:\/\/oderbruchmuseum.de\/wp-content\/uploads\/2024\/06\/Bau-3-768x577.webp 768w, https:\/\/oderbruchmuseum.de\/wp-content\/uploads\/2024\/06\/Bau-3-16x12.webp 16w\" sizes=\"auto, (max-width: 800px) 100vw, 800px\" \/><\/figure>\n\n\n\n<figure class=\"wp-block-image size-large\"><img loading=\"lazy\" decoding=\"async\" width=\"800\" height=\"601\" data-attachment-id=\"13633\" data-permalink=\"https:\/\/oderbruchmuseum.de\/pl\/altlangsow-_2\/\" data-orig-file=\"https:\/\/oderbruchmuseum.de\/wp-content\/uploads\/2024\/06\/Altlangsow-_2.webp\" data-orig-size=\"800,601\" data-comments-opened=\"0\" data-image-meta=\"{&quot;aperture&quot;:&quot;0&quot;,&quot;credit&quot;:&quot;&quot;,&quot;camera&quot;:&quot;&quot;,&quot;caption&quot;:&quot;&quot;,&quot;created_timestamp&quot;:&quot;0&quot;,&quot;copyright&quot;:&quot;&quot;,&quot;focal_length&quot;:&quot;0&quot;,&quot;iso&quot;:&quot;0&quot;,&quot;shutter_speed&quot;:&quot;0&quot;,&quot;title&quot;:&quot;&quot;,&quot;orientation&quot;:&quot;0&quot;}\" data-image-title=\"Altlangsow _2\" data-image-description=\"\" data-image-caption=\"\" data-large-file=\"https:\/\/oderbruchmuseum.de\/wp-content\/uploads\/2024\/06\/Altlangsow-_2.webp\" data-id=\"13633\" src=\"https:\/\/oderbruchmuseum.de\/wp-content\/uploads\/2024\/06\/Altlangsow-_2.webp\" alt=\"\" class=\"wp-image-13633\" srcset=\"https:\/\/oderbruchmuseum.de\/wp-content\/uploads\/2024\/06\/Altlangsow-_2.webp 800w, https:\/\/oderbruchmuseum.de\/wp-content\/uploads\/2024\/06\/Altlangsow-_2-300x225.webp 300w, https:\/\/oderbruchmuseum.de\/wp-content\/uploads\/2024\/06\/Altlangsow-_2-768x577.webp 768w, https:\/\/oderbruchmuseum.de\/wp-content\/uploads\/2024\/06\/Altlangsow-_2-16x12.webp 16w\" sizes=\"auto, (max-width: 800px) 100vw, 800px\" \/><\/figure>\n\n\n\n<figure class=\"wp-block-image size-large\"><img loading=\"lazy\" decoding=\"async\" width=\"800\" height=\"800\" data-attachment-id=\"13634\" data-permalink=\"https:\/\/oderbruchmuseum.de\/pl\/bau-2\/\" data-orig-file=\"https:\/\/oderbruchmuseum.de\/wp-content\/uploads\/2024\/06\/Bau-2.webp\" data-orig-size=\"800,800\" data-comments-opened=\"0\" data-image-meta=\"{&quot;aperture&quot;:&quot;0&quot;,&quot;credit&quot;:&quot;&quot;,&quot;camera&quot;:&quot;&quot;,&quot;caption&quot;:&quot;&quot;,&quot;created_timestamp&quot;:&quot;0&quot;,&quot;copyright&quot;:&quot;&quot;,&quot;focal_length&quot;:&quot;0&quot;,&quot;iso&quot;:&quot;0&quot;,&quot;shutter_speed&quot;:&quot;0&quot;,&quot;title&quot;:&quot;&quot;,&quot;orientation&quot;:&quot;0&quot;}\" data-image-title=\"Bau 2\" data-image-description=\"\" data-image-caption=\"&lt;p&gt;Foto:Privat&lt;\/p&gt;\" data-large-file=\"https:\/\/oderbruchmuseum.de\/wp-content\/uploads\/2024\/06\/Bau-2.webp\" data-id=\"13634\" src=\"https:\/\/oderbruchmuseum.de\/wp-content\/uploads\/2024\/06\/Bau-2.webp\" alt=\"\" class=\"wp-image-13634\" srcset=\"https:\/\/oderbruchmuseum.de\/wp-content\/uploads\/2024\/06\/Bau-2.webp 800w, https:\/\/oderbruchmuseum.de\/wp-content\/uploads\/2024\/06\/Bau-2-300x300.webp 300w, https:\/\/oderbruchmuseum.de\/wp-content\/uploads\/2024\/06\/Bau-2-150x150.webp 150w, https:\/\/oderbruchmuseum.de\/wp-content\/uploads\/2024\/06\/Bau-2-768x768.webp 768w, https:\/\/oderbruchmuseum.de\/wp-content\/uploads\/2024\/06\/Bau-2-12x12.webp 12w\" sizes=\"auto, (max-width: 800px) 100vw, 800px\" \/><figcaption class=\"wp-element-caption\">Zdj\u0119cie:Prywatne<\/figcaption><\/figure>\n<figcaption class=\"blocks-gallery-caption wp-element-caption\">Zdj\u0119cia Lars Fischer<\/figcaption><\/figure>\n\n\n\n<p>Niedawno jednak w archiwum dzielnicy Seelow znaleziono historyczne przedmioty, kt\u00f3re w imponuj\u0105cy spos\u00f3b ilustruj\u0105 histori\u0119 domu, w tym drewniane piszcza\u0142ki z zaginionych organ\u00f3w, kt\u00f3re zosta\u0142y znalezione i uratowane w gruzach podczas prac remontowych w latach 80-tych. Datowane dach\u00f3wki z czas\u00f3w budowy, fragmenty chrzcielnicy, niekt\u00f3re dokumenty archiwalne, a tak\u017ce relacje i pami\u0105tki po starszych mieszka\u0144cach zosta\u0142y zaprezentowane w centralnej osi przestrzeni wystawienniczej w pow\u015bci\u0105gliwy spos\u00f3b, w sensie dokumentalno-archeologicznego poszukiwania wskaz\u00f3wek. W rozmowie z Ekkehartem H\u00e4hnelem, kt\u00f3ry kierowa\u0142 renowacj\u0105 szko\u0142y i domu modlitwy w latach 1986\/88 jako cz\u0142onek rady ds. zabytk\u00f3w dzielnicy Seelow, a tak\u017ce jako kierownik biura budowlanego LPG w dzielnicy, historia domu zosta\u0142a przybli\u017cona wraz z lokalnymi mieszka\u0144cami, kt\u00f3rzy wci\u0105\u017c pami\u0119taj\u0105 lekcje szkolne, uroczysto\u015bci konfirmacyjne lub \u015bluby w szkole i domu modlitwy.<\/p>\n\n\n\n<p>To poszukiwanie wskaz\u00f3wek zosta\u0142o skontrastowane z imponuj\u0105cymi dzie\u0142ami sztuki, kt\u00f3re przywo\u0142uj\u0105 tematy \"kontemplacji i uczenia si\u0119\" w szerokim znaczeniu w abstrakcyjny, ale imponuj\u0105cy spos\u00f3b i sprawiaj\u0105, \u017ce duchowa aura tego miejsca staje si\u0119 namacalna. Na wystawie znalaz\u0142y si\u0119 prace berli\u0144skiego artysty Roberta Webera, kt\u00f3ry od lat w niekonwencjonalny spos\u00f3b bada fundamentalne do\u015bwiadczenie religijno\u015bci poza wi\u0119zami ko\u015bcielnymi czy wyznaniowymi, tworz\u0105c wielkoformatowe obrazy, obiekty i rysunki.<\/p>\n\n\n\n<figure class=\"wp-block-gallery has-nested-images columns-default is-cropped wp-block-gallery-3 is-layout-flex wp-block-gallery-is-layout-flex\">\n<figure class=\"wp-block-image size-large\"><img loading=\"lazy\" decoding=\"async\" width=\"800\" height=\"800\" data-attachment-id=\"13632\" data-permalink=\"https:\/\/oderbruchmuseum.de\/pl\/lux-5\/\" data-orig-file=\"https:\/\/oderbruchmuseum.de\/wp-content\/uploads\/2024\/06\/Lux-5.webp\" data-orig-size=\"800,800\" data-comments-opened=\"0\" data-image-meta=\"{&quot;aperture&quot;:&quot;0&quot;,&quot;credit&quot;:&quot;&quot;,&quot;camera&quot;:&quot;&quot;,&quot;caption&quot;:&quot;&quot;,&quot;created_timestamp&quot;:&quot;0&quot;,&quot;copyright&quot;:&quot;&quot;,&quot;focal_length&quot;:&quot;0&quot;,&quot;iso&quot;:&quot;0&quot;,&quot;shutter_speed&quot;:&quot;0&quot;,&quot;title&quot;:&quot;&quot;,&quot;orientation&quot;:&quot;0&quot;}\" data-image-title=\"Lux 5\" data-image-description=\"\" data-image-caption=\"&lt;p&gt;Bild Robert Weber&lt;\/p&gt;\" data-large-file=\"https:\/\/oderbruchmuseum.de\/wp-content\/uploads\/2024\/06\/Lux-5.webp\" data-id=\"13632\" src=\"https:\/\/oderbruchmuseum.de\/wp-content\/uploads\/2024\/06\/Lux-5.webp\" alt=\"\" class=\"wp-image-13632\" srcset=\"https:\/\/oderbruchmuseum.de\/wp-content\/uploads\/2024\/06\/Lux-5.webp 800w, https:\/\/oderbruchmuseum.de\/wp-content\/uploads\/2024\/06\/Lux-5-300x300.webp 300w, https:\/\/oderbruchmuseum.de\/wp-content\/uploads\/2024\/06\/Lux-5-150x150.webp 150w, https:\/\/oderbruchmuseum.de\/wp-content\/uploads\/2024\/06\/Lux-5-768x768.webp 768w, https:\/\/oderbruchmuseum.de\/wp-content\/uploads\/2024\/06\/Lux-5-12x12.webp 12w\" sizes=\"auto, (max-width: 800px) 100vw, 800px\" \/><\/figure>\n\n\n\n<figure class=\"wp-block-image size-large\"><img loading=\"lazy\" decoding=\"async\" width=\"768\" height=\"1024\" data-attachment-id=\"13636\" data-permalink=\"https:\/\/oderbruchmuseum.de\/pl\/lux-4\/\" data-orig-file=\"https:\/\/oderbruchmuseum.de\/wp-content\/uploads\/2024\/06\/Lux-4.webp\" data-orig-size=\"800,1066\" data-comments-opened=\"0\" data-image-meta=\"{&quot;aperture&quot;:&quot;0&quot;,&quot;credit&quot;:&quot;&quot;,&quot;camera&quot;:&quot;&quot;,&quot;caption&quot;:&quot;&quot;,&quot;created_timestamp&quot;:&quot;0&quot;,&quot;copyright&quot;:&quot;&quot;,&quot;focal_length&quot;:&quot;0&quot;,&quot;iso&quot;:&quot;0&quot;,&quot;shutter_speed&quot;:&quot;0&quot;,&quot;title&quot;:&quot;&quot;,&quot;orientation&quot;:&quot;0&quot;}\" data-image-title=\"Lux 4\" data-image-description=\"\" data-image-caption=\"&lt;p&gt;Bild Robert Weber&lt;\/p&gt;\" data-large-file=\"https:\/\/oderbruchmuseum.de\/wp-content\/uploads\/2024\/06\/Lux-4-768x1024.webp\" data-id=\"13636\" src=\"https:\/\/oderbruchmuseum.de\/wp-content\/uploads\/2024\/06\/Lux-4-768x1024.webp\" alt=\"\" class=\"wp-image-13636\" srcset=\"https:\/\/oderbruchmuseum.de\/wp-content\/uploads\/2024\/06\/Lux-4-768x1023.webp 768w, https:\/\/oderbruchmuseum.de\/wp-content\/uploads\/2024\/06\/Lux-4-225x300.webp 225w, https:\/\/oderbruchmuseum.de\/wp-content\/uploads\/2024\/06\/Lux-4-9x12.webp 9w, https:\/\/oderbruchmuseum.de\/wp-content\/uploads\/2024\/06\/Lux-4.webp 800w\" sizes=\"auto, (max-width: 768px) 100vw, 768px\" \/><\/figure>\n\n\n\n<figure class=\"wp-block-image size-large\"><img loading=\"lazy\" decoding=\"async\" width=\"734\" height=\"1024\" data-attachment-id=\"13637\" data-permalink=\"https:\/\/oderbruchmuseum.de\/pl\/lux-3\/\" data-orig-file=\"https:\/\/oderbruchmuseum.de\/wp-content\/uploads\/2024\/06\/Lux-3.webp\" data-orig-size=\"800,1116\" data-comments-opened=\"0\" data-image-meta=\"{&quot;aperture&quot;:&quot;0&quot;,&quot;credit&quot;:&quot;&quot;,&quot;camera&quot;:&quot;&quot;,&quot;caption&quot;:&quot;&quot;,&quot;created_timestamp&quot;:&quot;0&quot;,&quot;copyright&quot;:&quot;&quot;,&quot;focal_length&quot;:&quot;0&quot;,&quot;iso&quot;:&quot;0&quot;,&quot;shutter_speed&quot;:&quot;0&quot;,&quot;title&quot;:&quot;&quot;,&quot;orientation&quot;:&quot;0&quot;}\" data-image-title=\"Lux 3\" data-image-description=\"\" data-image-caption=\"&lt;p&gt;Bild Robert Weber&lt;\/p&gt;\" data-large-file=\"https:\/\/oderbruchmuseum.de\/wp-content\/uploads\/2024\/06\/Lux-3-734x1024.webp\" data-id=\"13637\" src=\"https:\/\/oderbruchmuseum.de\/wp-content\/uploads\/2024\/06\/Lux-3-734x1024.webp\" alt=\"\" class=\"wp-image-13637\" srcset=\"https:\/\/oderbruchmuseum.de\/wp-content\/uploads\/2024\/06\/Lux-3-734x1024.webp 734w, https:\/\/oderbruchmuseum.de\/wp-content\/uploads\/2024\/06\/Lux-3-215x300.webp 215w, https:\/\/oderbruchmuseum.de\/wp-content\/uploads\/2024\/06\/Lux-3-768x1071.webp 768w, https:\/\/oderbruchmuseum.de\/wp-content\/uploads\/2024\/06\/Lux-3-9x12.webp 9w, https:\/\/oderbruchmuseum.de\/wp-content\/uploads\/2024\/06\/Lux-3.webp 800w\" sizes=\"auto, (max-width: 734px) 100vw, 734px\" \/><\/figure>\n\n\n\n<figure class=\"wp-block-image size-large\"><img loading=\"lazy\" decoding=\"async\" width=\"800\" height=\"601\" data-attachment-id=\"13640\" data-permalink=\"https:\/\/oderbruchmuseum.de\/pl\/altlangsow_1\/\" data-orig-file=\"https:\/\/oderbruchmuseum.de\/wp-content\/uploads\/2024\/06\/Altlangsow_1.webp\" data-orig-size=\"800,601\" data-comments-opened=\"0\" data-image-meta=\"{&quot;aperture&quot;:&quot;0&quot;,&quot;credit&quot;:&quot;&quot;,&quot;camera&quot;:&quot;&quot;,&quot;caption&quot;:&quot;&quot;,&quot;created_timestamp&quot;:&quot;0&quot;,&quot;copyright&quot;:&quot;&quot;,&quot;focal_length&quot;:&quot;0&quot;,&quot;iso&quot;:&quot;0&quot;,&quot;shutter_speed&quot;:&quot;0&quot;,&quot;title&quot;:&quot;&quot;,&quot;orientation&quot;:&quot;0&quot;}\" data-image-title=\"Altlangsow_1\" data-image-description=\"\" data-image-caption=\"\" data-large-file=\"https:\/\/oderbruchmuseum.de\/wp-content\/uploads\/2024\/06\/Altlangsow_1.webp\" data-id=\"13640\" src=\"https:\/\/oderbruchmuseum.de\/wp-content\/uploads\/2024\/06\/Altlangsow_1.webp\" alt=\"\" class=\"wp-image-13640\" srcset=\"https:\/\/oderbruchmuseum.de\/wp-content\/uploads\/2024\/06\/Altlangsow_1.webp 800w, https:\/\/oderbruchmuseum.de\/wp-content\/uploads\/2024\/06\/Altlangsow_1-300x225.webp 300w, https:\/\/oderbruchmuseum.de\/wp-content\/uploads\/2024\/06\/Altlangsow_1-768x577.webp 768w, https:\/\/oderbruchmuseum.de\/wp-content\/uploads\/2024\/06\/Altlangsow_1-16x12.webp 16w\" sizes=\"auto, (max-width: 800px) 100vw, 800px\" \/><\/figure>\n<figcaption class=\"blocks-gallery-caption wp-element-caption\"> Zdj\u0119cia Robert Weber \/ Zdj\u0119cie Lars Fischer<\/figcaption><\/figure>\n\n\n\n<p>Wystawa b\u0119dzie prezentowana do 23 czerwca 2024 roku.<\/p>","protected":false},"excerpt":{"rendered":"<p>Wystawa sztuki i rozmowa o szkole i domu modlitwy Altlangsow. Wystawa b\u0119dzie prezentowana do 23 czerwca 2024 r.<\/p>","protected":false},"author":1,"featured_media":13642,"comment_status":"closed","ping_status":"closed","sticky":false,"template":"","format":"standard","meta":{"inline_featured_image":false,"_jetpack_memberships_contains_paid_content":false,"footnotes":""},"categories":[154],"tags":[],"class_list":["post-13630","post","type-post","status-publish","format-standard","has-post-thumbnail","hentry","category-partnerprojekte-2024"],"yoast_head":"<!-- This site is optimized with the Yoast SEO plugin v27.4 - https:\/\/yoast.com\/product\/yoast-seo-wordpress\/ -->\n<title>LUX AETERNA \u2013 Vom Lernen und Beten - Oderbruch Museum Altranft<\/title>\n<meta name=\"robots\" content=\"index, follow, max-snippet:-1, max-image-preview:large, max-video-preview:-1\" \/>\n<link rel=\"canonical\" href=\"https:\/\/oderbruchmuseum.de\/pl\/lux-aeterna-vom-lernen-und-beten\/\" \/>\n<meta property=\"og:locale\" content=\"pl_PL\" \/>\n<meta property=\"og:type\" content=\"article\" \/>\n<meta property=\"og:title\" content=\"LUX AETERNA \u2013 Vom Lernen und Beten - Oderbruch Museum Altranft\" \/>\n<meta property=\"og:description\" content=\"Kunstausstellung im und Gespr\u00e4ch \u00fcber das Schul- und Bethaus Altlangsow. Die Ausstellung ist bis zum 23. Juni 2024 zu sehen.\" \/>\n<meta property=\"og:url\" content=\"https:\/\/oderbruchmuseum.de\/pl\/lux-aeterna-vom-lernen-und-beten\/\" \/>\n<meta property=\"og:site_name\" content=\"Oderbruch Museum Altranft\" \/>\n<meta property=\"article:publisher\" content=\"https:\/\/www.facebook.com\/oderbruchmuseum\/\" \/>\n<meta property=\"article:published_time\" content=\"2024-06-15T12:01:55+00:00\" \/>\n<meta property=\"article:modified_time\" content=\"2024-06-15T12:10:24+00:00\" \/>\n<meta property=\"og:image\" content=\"https:\/\/oderbruchmuseum.de\/wp-content\/uploads\/2024\/06\/800x533-Kopie.webp\" \/>\n\t<meta property=\"og:image:width\" content=\"800\" \/>\n\t<meta property=\"og:image:height\" content=\"533\" \/>\n\t<meta property=\"og:image:type\" content=\"image\/webp\" \/>\n<meta name=\"author\" content=\"oderbruchmuseum\" \/>\n<meta name=\"twitter:card\" content=\"summary_large_image\" \/>\n<meta name=\"twitter:label1\" content=\"Napisane przez\" \/>\n\t<meta name=\"twitter:data1\" content=\"oderbruchmuseum\" \/>\n\t<meta name=\"twitter:label2\" content=\"Szacowany czas czytania\" \/>\n\t<meta name=\"twitter:data2\" content=\"5 minut\" \/>\n<script type=\"application\/ld+json\" class=\"yoast-schema-graph\">{\"@context\":\"https:\\\/\\\/schema.org\",\"@graph\":[{\"@type\":\"Article\",\"@id\":\"https:\\\/\\\/oderbruchmuseum.de\\\/lux-aeterna-vom-lernen-und-beten\\\/#article\",\"isPartOf\":{\"@id\":\"https:\\\/\\\/oderbruchmuseum.de\\\/lux-aeterna-vom-lernen-und-beten\\\/\"},\"author\":{\"name\":\"oderbruchmuseum\",\"@id\":\"https:\\\/\\\/oderbruchmuseum.de\\\/#\\\/schema\\\/person\\\/93512e3f164d102fa56fa4f3be852903\"},\"headline\":\"LUX AETERNA \u2013 Vom Lernen und Beten\",\"datePublished\":\"2024-06-15T12:01:55+00:00\",\"dateModified\":\"2024-06-15T12:10:24+00:00\",\"mainEntityOfPage\":{\"@id\":\"https:\\\/\\\/oderbruchmuseum.de\\\/lux-aeterna-vom-lernen-und-beten\\\/\"},\"wordCount\":542,\"publisher\":{\"@id\":\"https:\\\/\\\/oderbruchmuseum.de\\\/#organization\"},\"image\":{\"@id\":\"https:\\\/\\\/oderbruchmuseum.de\\\/lux-aeterna-vom-lernen-und-beten\\\/#primaryimage\"},\"thumbnailUrl\":\"https:\\\/\\\/oderbruchmuseum.de\\\/wp-content\\\/uploads\\\/2024\\\/06\\\/800x533-Kopie.webp\",\"articleSection\":[\"Partnerprojekte 2024\"],\"inLanguage\":\"pl-PL\"},{\"@type\":\"WebPage\",\"@id\":\"https:\\\/\\\/oderbruchmuseum.de\\\/lux-aeterna-vom-lernen-und-beten\\\/\",\"url\":\"https:\\\/\\\/oderbruchmuseum.de\\\/lux-aeterna-vom-lernen-und-beten\\\/\",\"name\":\"LUX AETERNA \u2013 Vom Lernen und Beten - Oderbruch Museum Altranft\",\"isPartOf\":{\"@id\":\"https:\\\/\\\/oderbruchmuseum.de\\\/#website\"},\"primaryImageOfPage\":{\"@id\":\"https:\\\/\\\/oderbruchmuseum.de\\\/lux-aeterna-vom-lernen-und-beten\\\/#primaryimage\"},\"image\":{\"@id\":\"https:\\\/\\\/oderbruchmuseum.de\\\/lux-aeterna-vom-lernen-und-beten\\\/#primaryimage\"},\"thumbnailUrl\":\"https:\\\/\\\/oderbruchmuseum.de\\\/wp-content\\\/uploads\\\/2024\\\/06\\\/800x533-Kopie.webp\",\"datePublished\":\"2024-06-15T12:01:55+00:00\",\"dateModified\":\"2024-06-15T12:10:24+00:00\",\"breadcrumb\":{\"@id\":\"https:\\\/\\\/oderbruchmuseum.de\\\/lux-aeterna-vom-lernen-und-beten\\\/#breadcrumb\"},\"inLanguage\":\"pl-PL\",\"potentialAction\":[{\"@type\":\"ReadAction\",\"target\":[\"https:\\\/\\\/oderbruchmuseum.de\\\/lux-aeterna-vom-lernen-und-beten\\\/\"]}]},{\"@type\":\"ImageObject\",\"inLanguage\":\"pl-PL\",\"@id\":\"https:\\\/\\\/oderbruchmuseum.de\\\/lux-aeterna-vom-lernen-und-beten\\\/#primaryimage\",\"url\":\"https:\\\/\\\/oderbruchmuseum.de\\\/wp-content\\\/uploads\\\/2024\\\/06\\\/800x533-Kopie.webp\",\"contentUrl\":\"https:\\\/\\\/oderbruchmuseum.de\\\/wp-content\\\/uploads\\\/2024\\\/06\\\/800x533-Kopie.webp\",\"width\":800,\"height\":533,\"caption\":\"Bild Robert Weber\"},{\"@type\":\"BreadcrumbList\",\"@id\":\"https:\\\/\\\/oderbruchmuseum.de\\\/lux-aeterna-vom-lernen-und-beten\\\/#breadcrumb\",\"itemListElement\":[{\"@type\":\"ListItem\",\"position\":1,\"name\":\"Startseite\",\"item\":\"https:\\\/\\\/oderbruchmuseum.de\\\/\"},{\"@type\":\"ListItem\",\"position\":2,\"name\":\"LUX AETERNA \u2013 Vom Lernen und Beten\"}]},{\"@type\":\"WebSite\",\"@id\":\"https:\\\/\\\/oderbruchmuseum.de\\\/#website\",\"url\":\"https:\\\/\\\/oderbruchmuseum.de\\\/\",\"name\":\"Oderbruchmuseum Altranft\",\"description\":\"Werkstatt f\u00fcr l\u00e4ndliche Kultur\",\"publisher\":{\"@id\":\"https:\\\/\\\/oderbruchmuseum.de\\\/#organization\"},\"potentialAction\":[{\"@type\":\"SearchAction\",\"target\":{\"@type\":\"EntryPoint\",\"urlTemplate\":\"https:\\\/\\\/oderbruchmuseum.de\\\/?s={search_term_string}\"},\"query-input\":{\"@type\":\"PropertyValueSpecification\",\"valueRequired\":true,\"valueName\":\"search_term_string\"}}],\"inLanguage\":\"pl-PL\"},{\"@type\":\"Organization\",\"@id\":\"https:\\\/\\\/oderbruchmuseum.de\\\/#organization\",\"name\":\"Oderbruchmuseum\",\"url\":\"https:\\\/\\\/oderbruchmuseum.de\\\/\",\"logo\":{\"@type\":\"ImageObject\",\"inLanguage\":\"pl-PL\",\"@id\":\"https:\\\/\\\/oderbruchmuseum.de\\\/#\\\/schema\\\/logo\\\/image\\\/\",\"url\":\"https:\\\/\\\/oderbruchmuseum.de\\\/wp-content\\\/uploads\\\/2020\\\/05\\\/rad-oderbruchmuseum.png\",\"contentUrl\":\"https:\\\/\\\/oderbruchmuseum.de\\\/wp-content\\\/uploads\\\/2020\\\/05\\\/rad-oderbruchmuseum.png\",\"width\":487,\"height\":451,\"caption\":\"Oderbruchmuseum\"},\"image\":{\"@id\":\"https:\\\/\\\/oderbruchmuseum.de\\\/#\\\/schema\\\/logo\\\/image\\\/\"},\"sameAs\":[\"https:\\\/\\\/www.facebook.com\\\/oderbruchmuseum\\\/\",\"https:\\\/\\\/www.instagram.com\\\/oderbruchmuseum\\\/\"]},{\"@type\":\"Person\",\"@id\":\"https:\\\/\\\/oderbruchmuseum.de\\\/#\\\/schema\\\/person\\\/93512e3f164d102fa56fa4f3be852903\",\"name\":\"oderbruchmuseum\",\"image\":{\"@type\":\"ImageObject\",\"inLanguage\":\"pl-PL\",\"@id\":\"https:\\\/\\\/secure.gravatar.com\\\/avatar\\\/4cb85b2fcffa9ea28f25b7fb4c0f736311c2de7d30be78953131dbbd284af8bf?s=96&d=mm&r=g\",\"url\":\"https:\\\/\\\/secure.gravatar.com\\\/avatar\\\/4cb85b2fcffa9ea28f25b7fb4c0f736311c2de7d30be78953131dbbd284af8bf?s=96&d=mm&r=g\",\"contentUrl\":\"https:\\\/\\\/secure.gravatar.com\\\/avatar\\\/4cb85b2fcffa9ea28f25b7fb4c0f736311c2de7d30be78953131dbbd284af8bf?s=96&d=mm&r=g\",\"caption\":\"oderbruchmuseum\"},\"url\":\"https:\\\/\\\/oderbruchmuseum.de\\\/pl\\\/author\\\/marenbuhmann\\\/\"}]}<\/script>\n<!-- \/ Yoast SEO plugin. -->","yoast_head_json":{"title":"LUX AETERNA \u2013 Vom Lernen und Beten - Oderbruch Museum Altranft","robots":{"index":"index","follow":"follow","max-snippet":"max-snippet:-1","max-image-preview":"max-image-preview:large","max-video-preview":"max-video-preview:-1"},"canonical":"https:\/\/oderbruchmuseum.de\/pl\/lux-aeterna-vom-lernen-und-beten\/","og_locale":"pl_PL","og_type":"article","og_title":"LUX AETERNA \u2013 Vom Lernen und Beten - Oderbruch Museum Altranft","og_description":"Kunstausstellung im und Gespr\u00e4ch \u00fcber das Schul- und Bethaus Altlangsow. Die Ausstellung ist bis zum 23. Juni 2024 zu sehen.","og_url":"https:\/\/oderbruchmuseum.de\/pl\/lux-aeterna-vom-lernen-und-beten\/","og_site_name":"Oderbruch Museum Altranft","article_publisher":"https:\/\/www.facebook.com\/oderbruchmuseum\/","article_published_time":"2024-06-15T12:01:55+00:00","article_modified_time":"2024-06-15T12:10:24+00:00","og_image":[{"width":800,"height":533,"url":"https:\/\/oderbruchmuseum.de\/wp-content\/uploads\/2024\/06\/800x533-Kopie.webp","type":"image\/webp"}],"author":"oderbruchmuseum","twitter_card":"summary_large_image","twitter_misc":{"Napisane przez":"oderbruchmuseum","Szacowany czas czytania":"5 minut"},"schema":{"@context":"https:\/\/schema.org","@graph":[{"@type":"Article","@id":"https:\/\/oderbruchmuseum.de\/lux-aeterna-vom-lernen-und-beten\/#article","isPartOf":{"@id":"https:\/\/oderbruchmuseum.de\/lux-aeterna-vom-lernen-und-beten\/"},"author":{"name":"oderbruchmuseum","@id":"https:\/\/oderbruchmuseum.de\/#\/schema\/person\/93512e3f164d102fa56fa4f3be852903"},"headline":"LUX AETERNA \u2013 Vom Lernen und Beten","datePublished":"2024-06-15T12:01:55+00:00","dateModified":"2024-06-15T12:10:24+00:00","mainEntityOfPage":{"@id":"https:\/\/oderbruchmuseum.de\/lux-aeterna-vom-lernen-und-beten\/"},"wordCount":542,"publisher":{"@id":"https:\/\/oderbruchmuseum.de\/#organization"},"image":{"@id":"https:\/\/oderbruchmuseum.de\/lux-aeterna-vom-lernen-und-beten\/#primaryimage"},"thumbnailUrl":"https:\/\/oderbruchmuseum.de\/wp-content\/uploads\/2024\/06\/800x533-Kopie.webp","articleSection":["Partnerprojekte 2024"],"inLanguage":"pl-PL"},{"@type":"WebPage","@id":"https:\/\/oderbruchmuseum.de\/lux-aeterna-vom-lernen-und-beten\/","url":"https:\/\/oderbruchmuseum.de\/lux-aeterna-vom-lernen-und-beten\/","name":"LUX AETERNA \u2013 Vom Lernen und Beten - Oderbruch Museum Altranft","isPartOf":{"@id":"https:\/\/oderbruchmuseum.de\/#website"},"primaryImageOfPage":{"@id":"https:\/\/oderbruchmuseum.de\/lux-aeterna-vom-lernen-und-beten\/#primaryimage"},"image":{"@id":"https:\/\/oderbruchmuseum.de\/lux-aeterna-vom-lernen-und-beten\/#primaryimage"},"thumbnailUrl":"https:\/\/oderbruchmuseum.de\/wp-content\/uploads\/2024\/06\/800x533-Kopie.webp","datePublished":"2024-06-15T12:01:55+00:00","dateModified":"2024-06-15T12:10:24+00:00","breadcrumb":{"@id":"https:\/\/oderbruchmuseum.de\/lux-aeterna-vom-lernen-und-beten\/#breadcrumb"},"inLanguage":"pl-PL","potentialAction":[{"@type":"ReadAction","target":["https:\/\/oderbruchmuseum.de\/lux-aeterna-vom-lernen-und-beten\/"]}]},{"@type":"ImageObject","inLanguage":"pl-PL","@id":"https:\/\/oderbruchmuseum.de\/lux-aeterna-vom-lernen-und-beten\/#primaryimage","url":"https:\/\/oderbruchmuseum.de\/wp-content\/uploads\/2024\/06\/800x533-Kopie.webp","contentUrl":"https:\/\/oderbruchmuseum.de\/wp-content\/uploads\/2024\/06\/800x533-Kopie.webp","width":800,"height":533,"caption":"Bild Robert Weber"},{"@type":"BreadcrumbList","@id":"https:\/\/oderbruchmuseum.de\/lux-aeterna-vom-lernen-und-beten\/#breadcrumb","itemListElement":[{"@type":"ListItem","position":1,"name":"Startseite","item":"https:\/\/oderbruchmuseum.de\/"},{"@type":"ListItem","position":2,"name":"LUX AETERNA \u2013 Vom Lernen und Beten"}]},{"@type":"WebSite","@id":"https:\/\/oderbruchmuseum.de\/#website","url":"https:\/\/oderbruchmuseum.de\/","name":"Muzeum Oderbruch Altranft","description":"Warsztaty kultury wiejskiej","publisher":{"@id":"https:\/\/oderbruchmuseum.de\/#organization"},"potentialAction":[{"@type":"SearchAction","target":{"@type":"EntryPoint","urlTemplate":"https:\/\/oderbruchmuseum.de\/?s={search_term_string}"},"query-input":{"@type":"PropertyValueSpecification","valueRequired":true,"valueName":"search_term_string"}}],"inLanguage":"pl-PL"},{"@type":"Organization","@id":"https:\/\/oderbruchmuseum.de\/#organization","name":"Muzeum Oderbruch","url":"https:\/\/oderbruchmuseum.de\/","logo":{"@type":"ImageObject","inLanguage":"pl-PL","@id":"https:\/\/oderbruchmuseum.de\/#\/schema\/logo\/image\/","url":"https:\/\/oderbruchmuseum.de\/wp-content\/uploads\/2020\/05\/rad-oderbruchmuseum.png","contentUrl":"https:\/\/oderbruchmuseum.de\/wp-content\/uploads\/2020\/05\/rad-oderbruchmuseum.png","width":487,"height":451,"caption":"Oderbruchmuseum"},"image":{"@id":"https:\/\/oderbruchmuseum.de\/#\/schema\/logo\/image\/"},"sameAs":["https:\/\/www.facebook.com\/oderbruchmuseum\/","https:\/\/www.instagram.com\/oderbruchmuseum\/"]},{"@type":"Person","@id":"https:\/\/oderbruchmuseum.de\/#\/schema\/person\/93512e3f164d102fa56fa4f3be852903","name":"lub muzeum z\u0142ama\u0144","image":{"@type":"ImageObject","inLanguage":"pl-PL","@id":"https:\/\/secure.gravatar.com\/avatar\/4cb85b2fcffa9ea28f25b7fb4c0f736311c2de7d30be78953131dbbd284af8bf?s=96&d=mm&r=g","url":"https:\/\/secure.gravatar.com\/avatar\/4cb85b2fcffa9ea28f25b7fb4c0f736311c2de7d30be78953131dbbd284af8bf?s=96&d=mm&r=g","contentUrl":"https:\/\/secure.gravatar.com\/avatar\/4cb85b2fcffa9ea28f25b7fb4c0f736311c2de7d30be78953131dbbd284af8bf?s=96&d=mm&r=g","caption":"oderbruchmuseum"},"url":"https:\/\/oderbruchmuseum.de\/pl\/author\/marenbuhmann\/"}]}},"jetpack_featured_media_url":"https:\/\/oderbruchmuseum.de\/wp-content\/uploads\/2024\/06\/800x533-Kopie.webp","jetpack_sharing_enabled":true,"_links":{"self":[{"href":"https:\/\/oderbruchmuseum.de\/pl\/wp-json\/wp\/v2\/posts\/13630","targetHints":{"allow":["GET"]}}],"collection":[{"href":"https:\/\/oderbruchmuseum.de\/pl\/wp-json\/wp\/v2\/posts"}],"about":[{"href":"https:\/\/oderbruchmuseum.de\/pl\/wp-json\/wp\/v2\/types\/post"}],"author":[{"embeddable":true,"href":"https:\/\/oderbruchmuseum.de\/pl\/wp-json\/wp\/v2\/users\/1"}],"replies":[{"embeddable":true,"href":"https:\/\/oderbruchmuseum.de\/pl\/wp-json\/wp\/v2\/comments?post=13630"}],"version-history":[{"count":0,"href":"https:\/\/oderbruchmuseum.de\/pl\/wp-json\/wp\/v2\/posts\/13630\/revisions"}],"wp:featuredmedia":[{"embeddable":true,"href":"https:\/\/oderbruchmuseum.de\/pl\/wp-json\/wp\/v2\/media\/13642"}],"wp:attachment":[{"href":"https:\/\/oderbruchmuseum.de\/pl\/wp-json\/wp\/v2\/media?parent=13630"}],"wp:term":[{"taxonomy":"category","embeddable":true,"href":"https:\/\/oderbruchmuseum.de\/pl\/wp-json\/wp\/v2\/categories?post=13630"},{"taxonomy":"post_tag","embeddable":true,"href":"https:\/\/oderbruchmuseum.de\/pl\/wp-json\/wp\/v2\/tags?post=13630"}],"curies":[{"name":"wp","href":"https:\/\/api.w.org\/{rel}","templated":true}]}}