{"id":13439,"date":"2024-04-23T14:40:33","date_gmt":"2024-04-23T12:40:33","guid":{"rendered":"https:\/\/oderbruchmuseum.de\/?p=13439"},"modified":"2024-04-23T14:48:48","modified_gmt":"2024-04-23T12:48:48","slug":"kirchen-im-nieder-oderbruch-zentren-unserer-doerfer","status":"publish","type":"post","link":"https:\/\/oderbruchmuseum.de\/pl\/kirchen-im-nieder-oderbruch-zentren-unserer-doerfer\/","title":{"rendered":"Ko\u015bcio\u0142y w Nieder-Oderbruch - centra naszych wiosek?"},"content":{"rendered":"<figure class=\"wp-block-image size-full\"><img loading=\"lazy\" decoding=\"async\" width=\"840\" height=\"302\" data-attachment-id=\"13451\" data-permalink=\"https:\/\/oderbruchmuseum.de\/pl\/kirchen-im-nieder-oderbruch-zentren-unserer-doerfer\/nur-die-kirchen\/\" data-orig-file=\"https:\/\/oderbruchmuseum.de\/wp-content\/uploads\/2024\/04\/nur-die-kirchen.webp\" data-orig-size=\"840,302\" data-comments-opened=\"0\" data-image-meta=\"{&quot;aperture&quot;:&quot;0&quot;,&quot;credit&quot;:&quot;&quot;,&quot;camera&quot;:&quot;&quot;,&quot;caption&quot;:&quot;&quot;,&quot;created_timestamp&quot;:&quot;0&quot;,&quot;copyright&quot;:&quot;&quot;,&quot;focal_length&quot;:&quot;0&quot;,&quot;iso&quot;:&quot;0&quot;,&quot;shutter_speed&quot;:&quot;0&quot;,&quot;title&quot;:&quot;&quot;,&quot;orientation&quot;:&quot;0&quot;}\" data-image-title=\"nur die kirchen\" data-image-description=\"\" data-image-caption=\"\" data-large-file=\"https:\/\/oderbruchmuseum.de\/wp-content\/uploads\/2024\/04\/nur-die-kirchen.webp\" src=\"https:\/\/oderbruchmuseum.de\/wp-content\/uploads\/2024\/04\/nur-die-kirchen.webp\" alt=\"Kirchenansicht\" class=\"wp-image-13451\" srcset=\"https:\/\/oderbruchmuseum.de\/wp-content\/uploads\/2024\/04\/nur-die-kirchen.webp 840w, https:\/\/oderbruchmuseum.de\/wp-content\/uploads\/2024\/04\/nur-die-kirchen-300x108.webp 300w, https:\/\/oderbruchmuseum.de\/wp-content\/uploads\/2024\/04\/nur-die-kirchen-768x276.webp 768w, https:\/\/oderbruchmuseum.de\/wp-content\/uploads\/2024\/04\/nur-die-kirchen-18x6.webp 18w\" sizes=\"auto, (max-width: 840px) 100vw, 840px\" \/><\/figure>\n\n\n\n<h3 class=\"wp-block-heading\"><strong>(Prowokuj\u0105ca do my\u015blenia) wycieczka dla mieszka\u0144c\u00f3w - a tak\u017ce dla pieszych, rowerzyst\u00f3w i kierowc\u00f3w.<\/strong><strong><\/strong><\/h3>\n\n\n\n<p>Projekt traktuje wyga\u015bni\u0119cie urz\u0119du parafialnego w Neulietzeg\u00f6ricke jako okazj\u0119 do zastanowienia si\u0119 nad przysz\u0142o\u015bci\u0105 ko\u015bcio\u0142\u00f3w w Nieder-Oderbruch i zaprezentowania ich i ich szczeg\u00f3lnych cech w broszurze. Od pocz\u0105tku 2024 r. dawne parafie protestanckie Neulietzeg\u00f6ricke (Niederes Oderbruch) i Neutrebbin (Oderbruch) z ich \u0142\u0105cznie 14 ko\u015bcio\u0142ami b\u0119d\u0105 nale\u017ce\u0107 do wsp\u00f3lnego okr\u0119gu parafialnego.<\/p>\n\n\n\n<p>Parafianie b\u0119d\u0105 wsp\u00f3lnie pracowa\u0107 w powi\u0119kszonej parafii. Projekt jest cz\u0119\u015bci\u0105 wzajemnego poznawania si\u0119. Kwestia przysz\u0142ej funkcji budynk\u00f3w ko\u015bcielnych z ich szczeg\u00f3lnymi cechami b\u0119dzie w centrum zainicjowanych tutaj dyskusji.<\/p>\n\n\n\n<p>Pomimo r\u00f3\u017cnych pocz\u0105tk\u00f3w i czas\u00f3w, ko\u015bcio\u0142y zawsze by\u0142y projektami ca\u0142ych spo\u0142eczno\u015bci wiejskich. Dzi\u015b nie s\u0105 one ju\u017c to\u017csame ze wsp\u00f3lnotami religijnymi. Z tego powodu wszyscy mieszka\u0144cy wsi, a tak\u017ce tury\u015bci i inni odwiedzaj\u0105cy - a nie tylko aktywni cz\u0142onkowie ko\u015bcio\u0142a - s\u0105 wyra\u017anie adresowani.<\/p>\n\n\n\n<p>Zwr\u00f3cono uwag\u0119 na szczeg\u00f3lne cechy wiosek i ich ko\u015bcio\u0142\u00f3w. S\u0105 one przeznaczone jako wprowadzenie do rozm\u00f3w, ale tak\u017ce jako informacje do wszelkiego rodzaju wycieczek od ko\u015bcio\u0142a do ko\u015bcio\u0142a (w wybranych przez siebie sekcjach). Do ka\u017cdego ko\u015bcio\u0142a do\u0142\u0105czone s\u0105 zdj\u0119cia i kr\u00f3tkie informacje, w tym odniesienie do miejsca dziedzictwa kulturowego<strong>.<\/strong> Odniesiono si\u0119 do dalszych \u017ar\u00f3de\u0142 informacji i mo\u017cliwo\u015bci zwiedzania.<\/p>\n\n\n\n<p>Prosta mapa drogowa z oznaczeniami kilometr\u00f3w w skali oko\u0142o 1:100 000 zilustruje po\u0142\u0105czenia drogowe mi\u0119dzy ko\u015bcio\u0142ami. G\u0142adko utwardzone drogi o niewielkim nat\u0119\u017ceniu ruchu to g\u0142\u00f3wne po\u0142\u0105czenia. Niestety, nie ma dedykowanych \u015bcie\u017cek rowerowych. Wsz\u0119dzie tam, gdzie istniej\u0105 sta\u0142e \u015bcie\u017cki polne dla turyst\u00f3w rowerowych jako skr\u00f3ty lub trasy r\u00f3wnoleg\u0142e, s\u0105 one oznaczone. Zaleca si\u0119 r\u00f3wnie\u017c korzystanie z w\u0142asnych map.<\/p>\n\n\n\n<p>Broszura powinna by\u0107 dost\u0119pna w parafiach, w dzielnicach gmin politycznych, a tak\u017ce dla turyst\u00f3w. Jednocze\u015bnie teksty mog\u0105 by\u0107 wykorzystywane do og\u0142aszania specjalnych wydarze\u0144 w celu zaprezentowania tego i innych projekt\u00f3w poszczeg\u00f3lnych i kilku ko\u015bcio\u0142\u00f3w.<\/p>\n\n\n\n<p>Gisela Sommer i dr Georg Bauer, cz\u0142onkowie rady parafialnej w Neulietzeg\u00f6ricke, dr Dirk Steffens, rada parafialna w Neutrebbin i dr Udo Schagen, Stowarzyszenie H\u00e4nsel w Altwustrow, s\u0105 odpowiedzialni za tre\u015b\u0107 i redakcj\u0119 tekst\u00f3w.<\/p>\n\n\n\n<p>Publiczna prezentacja broszury zaplanowana jest na drugi tydzie\u0144 lipca<\/p>\n\n\n\n<figure class=\"wp-block-gallery has-nested-images columns-default is-cropped wp-block-gallery-1 is-layout-flex wp-block-gallery-is-layout-flex\">\n<figure class=\"wp-block-image size-large\"><img loading=\"lazy\" decoding=\"async\" width=\"577\" height=\"591\" data-attachment-id=\"13446\" data-permalink=\"https:\/\/oderbruchmuseum.de\/pl\/kirchen-im-nieder-oderbruch-zentren-unserer-doerfer\/entwurf_broschuere_-grafik_privat-kopie\/\" data-orig-file=\"https:\/\/oderbruchmuseum.de\/wp-content\/uploads\/2024\/04\/Entwurf_Broschuere_-Grafik_privat-Kopie.webp\" data-orig-size=\"577,591\" data-comments-opened=\"0\" data-image-meta=\"{&quot;aperture&quot;:&quot;0&quot;,&quot;credit&quot;:&quot;&quot;,&quot;camera&quot;:&quot;&quot;,&quot;caption&quot;:&quot;&quot;,&quot;created_timestamp&quot;:&quot;0&quot;,&quot;copyright&quot;:&quot;&quot;,&quot;focal_length&quot;:&quot;0&quot;,&quot;iso&quot;:&quot;0&quot;,&quot;shutter_speed&quot;:&quot;0&quot;,&quot;title&quot;:&quot;&quot;,&quot;orientation&quot;:&quot;0&quot;}\" data-image-title=\"Entwurf_Broschuere_-Grafik_privat-Kopie\" data-image-description=\"\" data-image-caption=\"\" data-large-file=\"https:\/\/oderbruchmuseum.de\/wp-content\/uploads\/2024\/04\/Entwurf_Broschuere_-Grafik_privat-Kopie.webp\" data-id=\"13446\" src=\"https:\/\/oderbruchmuseum.de\/wp-content\/uploads\/2024\/04\/Entwurf_Broschuere_-Grafik_privat-Kopie.webp\" alt=\"\" class=\"wp-image-13446\" srcset=\"https:\/\/oderbruchmuseum.de\/wp-content\/uploads\/2024\/04\/Entwurf_Broschuere_-Grafik_privat-Kopie.webp 577w, https:\/\/oderbruchmuseum.de\/wp-content\/uploads\/2024\/04\/Entwurf_Broschuere_-Grafik_privat-Kopie-293x300.webp 293w, https:\/\/oderbruchmuseum.de\/wp-content\/uploads\/2024\/04\/Entwurf_Broschuere_-Grafik_privat-Kopie-12x12.webp 12w\" sizes=\"auto, (max-width: 577px) 100vw, 577px\" \/><\/figure>\n\n\n\n<figure class=\"wp-block-image size-large\"><img loading=\"lazy\" decoding=\"async\" width=\"620\" height=\"591\" data-attachment-id=\"13445\" data-permalink=\"https:\/\/oderbruchmuseum.de\/pl\/kirchen-im-nieder-oderbruch-zentren-unserer-doerfer\/entwurf_karte_kirchen_grafik_privat-kopie\/\" data-orig-file=\"https:\/\/oderbruchmuseum.de\/wp-content\/uploads\/2024\/04\/Entwurf_Karte_Kirchen_Grafik_privat-Kopie.webp\" data-orig-size=\"620,591\" data-comments-opened=\"0\" data-image-meta=\"{&quot;aperture&quot;:&quot;0&quot;,&quot;credit&quot;:&quot;&quot;,&quot;camera&quot;:&quot;&quot;,&quot;caption&quot;:&quot;&quot;,&quot;created_timestamp&quot;:&quot;0&quot;,&quot;copyright&quot;:&quot;&quot;,&quot;focal_length&quot;:&quot;0&quot;,&quot;iso&quot;:&quot;0&quot;,&quot;shutter_speed&quot;:&quot;0&quot;,&quot;title&quot;:&quot;&quot;,&quot;orientation&quot;:&quot;0&quot;}\" data-image-title=\"Entwurf_Karte_Kirchen_Grafik_privat-Kopie\" data-image-description=\"\" data-image-caption=\"\" data-large-file=\"https:\/\/oderbruchmuseum.de\/wp-content\/uploads\/2024\/04\/Entwurf_Karte_Kirchen_Grafik_privat-Kopie.webp\" data-id=\"13445\" src=\"https:\/\/oderbruchmuseum.de\/wp-content\/uploads\/2024\/04\/Entwurf_Karte_Kirchen_Grafik_privat-Kopie.webp\" alt=\"\" class=\"wp-image-13445\" srcset=\"https:\/\/oderbruchmuseum.de\/wp-content\/uploads\/2024\/04\/Entwurf_Karte_Kirchen_Grafik_privat-Kopie.webp 620w, https:\/\/oderbruchmuseum.de\/wp-content\/uploads\/2024\/04\/Entwurf_Karte_Kirchen_Grafik_privat-Kopie-300x286.webp 300w, https:\/\/oderbruchmuseum.de\/wp-content\/uploads\/2024\/04\/Entwurf_Karte_Kirchen_Grafik_privat-Kopie-13x12.webp 13w\" sizes=\"auto, (max-width: 620px) 100vw, 620px\" \/><\/figure>\n\n\n\n<figure class=\"wp-block-image size-large\"><img loading=\"lazy\" decoding=\"async\" width=\"1024\" height=\"513\" data-attachment-id=\"13449\" data-permalink=\"https:\/\/oderbruchmuseum.de\/pl\/kirchen-im-nieder-oderbruch-zentren-unserer-doerfer\/entwurf_inhalt_grafik_privat-kopie\/\" data-orig-file=\"https:\/\/oderbruchmuseum.de\/wp-content\/uploads\/2024\/04\/Entwurf_Inhalt_Grafik_privat-Kopie.webp\" data-orig-size=\"1179,591\" data-comments-opened=\"0\" data-image-meta=\"{&quot;aperture&quot;:&quot;0&quot;,&quot;credit&quot;:&quot;&quot;,&quot;camera&quot;:&quot;&quot;,&quot;caption&quot;:&quot;&quot;,&quot;created_timestamp&quot;:&quot;0&quot;,&quot;copyright&quot;:&quot;&quot;,&quot;focal_length&quot;:&quot;0&quot;,&quot;iso&quot;:&quot;0&quot;,&quot;shutter_speed&quot;:&quot;0&quot;,&quot;title&quot;:&quot;&quot;,&quot;orientation&quot;:&quot;0&quot;}\" data-image-title=\"Entwurf_Inhalt_Grafik_privat Kopie\" data-image-description=\"\" data-image-caption=\"\" data-large-file=\"https:\/\/oderbruchmuseum.de\/wp-content\/uploads\/2024\/04\/Entwurf_Inhalt_Grafik_privat-Kopie-1024x513.webp\" data-id=\"13449\" src=\"https:\/\/oderbruchmuseum.de\/wp-content\/uploads\/2024\/04\/Entwurf_Inhalt_Grafik_privat-Kopie-1024x513.webp\" alt=\"\" class=\"wp-image-13449\" srcset=\"https:\/\/oderbruchmuseum.de\/wp-content\/uploads\/2024\/04\/Entwurf_Inhalt_Grafik_privat-Kopie-1024x513.webp 1024w, https:\/\/oderbruchmuseum.de\/wp-content\/uploads\/2024\/04\/Entwurf_Inhalt_Grafik_privat-Kopie-300x150.webp 300w, https:\/\/oderbruchmuseum.de\/wp-content\/uploads\/2024\/04\/Entwurf_Inhalt_Grafik_privat-Kopie-768x385.webp 768w, https:\/\/oderbruchmuseum.de\/wp-content\/uploads\/2024\/04\/Entwurf_Inhalt_Grafik_privat-Kopie-18x9.webp 18w, https:\/\/oderbruchmuseum.de\/wp-content\/uploads\/2024\/04\/Entwurf_Inhalt_Grafik_privat-Kopie.webp 1179w\" sizes=\"auto, (max-width: 1024px) 100vw, 1024px\" \/><\/figure>\n<\/figure>\n\n\n\n<p>O zdj\u0119ciach: Wszystkie s\u0105 szkicami do broszury:<\/p>\n\n\n\n<p>Autor: Prywatny<\/p>","protected":false},"excerpt":{"rendered":"<p>(Prowokuj\u0105ca do my\u015blenia) wycieczka dla mieszka\u0144c\u00f3w - a tak\u017ce dla pieszych, rowerzyst\u00f3w i kierowc\u00f3w.<\/p>","protected":false},"author":1,"featured_media":13441,"comment_status":"closed","ping_status":"closed","sticky":false,"template":"","format":"standard","meta":{"inline_featured_image":false,"_jetpack_memberships_contains_paid_content":false,"footnotes":""},"categories":[154],"tags":[],"class_list":["post-13439","post","type-post","status-publish","format-standard","has-post-thumbnail","hentry","category-partnerprojekte-2024"],"yoast_head":"<!-- This site is optimized with the Yoast SEO plugin v27.5 - https:\/\/yoast.com\/product\/yoast-seo-wordpress\/ -->\n<title>Kirchen im Nieder-Oderbruch - Zentren unserer D\u00f6rfer? - Oderbruch Museum Altranft<\/title>\n<meta name=\"robots\" content=\"index, follow, max-snippet:-1, max-image-preview:large, max-video-preview:-1\" \/>\n<link rel=\"canonical\" href=\"https:\/\/oderbruchmuseum.de\/pl\/kirchen-im-nieder-oderbruch-zentren-unserer-doerfer\/\" \/>\n<meta property=\"og:locale\" content=\"pl_PL\" \/>\n<meta property=\"og:type\" content=\"article\" \/>\n<meta property=\"og:title\" content=\"Kirchen im Nieder-Oderbruch - Zentren unserer D\u00f6rfer? - Oderbruch Museum Altranft\" \/>\n<meta property=\"og:description\" content=\"Eine (Denk-)Tour f\u00fcr die Bewohner - und auch f\u00fcr Wanderer, Rad- und Autofahrer\" \/>\n<meta property=\"og:url\" content=\"https:\/\/oderbruchmuseum.de\/pl\/kirchen-im-nieder-oderbruch-zentren-unserer-doerfer\/\" \/>\n<meta property=\"og:site_name\" content=\"Oderbruch Museum Altranft\" \/>\n<meta property=\"article:publisher\" content=\"https:\/\/www.facebook.com\/oderbruchmuseum\/\" \/>\n<meta property=\"article:published_time\" content=\"2024-04-23T12:40:33+00:00\" \/>\n<meta property=\"article:modified_time\" content=\"2024-04-23T12:48:48+00:00\" \/>\n<meta property=\"og:image\" content=\"https:\/\/oderbruchmuseum.de\/wp-content\/uploads\/2024\/04\/kirche-niederoderbruch.webp\" \/>\n\t<meta property=\"og:image:width\" content=\"800\" \/>\n\t<meta property=\"og:image:height\" content=\"500\" \/>\n\t<meta property=\"og:image:type\" content=\"image\/webp\" \/>\n<meta name=\"author\" content=\"oderbruchmuseum\" \/>\n<meta name=\"twitter:card\" content=\"summary_large_image\" \/>\n<meta name=\"twitter:label1\" content=\"Napisane przez\" \/>\n\t<meta name=\"twitter:data1\" content=\"oderbruchmuseum\" \/>\n\t<meta name=\"twitter:label2\" content=\"Szacowany czas czytania\" \/>\n\t<meta name=\"twitter:data2\" content=\"3 minuty\" \/>\n<script type=\"application\/ld+json\" class=\"yoast-schema-graph\">{\"@context\":\"https:\\\/\\\/schema.org\",\"@graph\":[{\"@type\":\"Article\",\"@id\":\"https:\\\/\\\/oderbruchmuseum.de\\\/kirchen-im-nieder-oderbruch-zentren-unserer-doerfer\\\/#article\",\"isPartOf\":{\"@id\":\"https:\\\/\\\/oderbruchmuseum.de\\\/kirchen-im-nieder-oderbruch-zentren-unserer-doerfer\\\/\"},\"author\":{\"name\":\"oderbruchmuseum\",\"@id\":\"https:\\\/\\\/oderbruchmuseum.de\\\/#\\\/schema\\\/person\\\/93512e3f164d102fa56fa4f3be852903\"},\"headline\":\"Kirchen im Nieder-Oderbruch &#8211; Zentren unserer D\u00f6rfer?\",\"datePublished\":\"2024-04-23T12:40:33+00:00\",\"dateModified\":\"2024-04-23T12:48:48+00:00\",\"mainEntityOfPage\":{\"@id\":\"https:\\\/\\\/oderbruchmuseum.de\\\/kirchen-im-nieder-oderbruch-zentren-unserer-doerfer\\\/\"},\"wordCount\":396,\"publisher\":{\"@id\":\"https:\\\/\\\/oderbruchmuseum.de\\\/#organization\"},\"image\":{\"@id\":\"https:\\\/\\\/oderbruchmuseum.de\\\/kirchen-im-nieder-oderbruch-zentren-unserer-doerfer\\\/#primaryimage\"},\"thumbnailUrl\":\"https:\\\/\\\/oderbruchmuseum.de\\\/wp-content\\\/uploads\\\/2024\\\/04\\\/kirche-niederoderbruch.webp\",\"articleSection\":[\"Partnerprojekte 2024\"],\"inLanguage\":\"pl-PL\"},{\"@type\":\"WebPage\",\"@id\":\"https:\\\/\\\/oderbruchmuseum.de\\\/kirchen-im-nieder-oderbruch-zentren-unserer-doerfer\\\/\",\"url\":\"https:\\\/\\\/oderbruchmuseum.de\\\/kirchen-im-nieder-oderbruch-zentren-unserer-doerfer\\\/\",\"name\":\"Kirchen im Nieder-Oderbruch - Zentren unserer D\u00f6rfer? - Oderbruch Museum Altranft\",\"isPartOf\":{\"@id\":\"https:\\\/\\\/oderbruchmuseum.de\\\/#website\"},\"primaryImageOfPage\":{\"@id\":\"https:\\\/\\\/oderbruchmuseum.de\\\/kirchen-im-nieder-oderbruch-zentren-unserer-doerfer\\\/#primaryimage\"},\"image\":{\"@id\":\"https:\\\/\\\/oderbruchmuseum.de\\\/kirchen-im-nieder-oderbruch-zentren-unserer-doerfer\\\/#primaryimage\"},\"thumbnailUrl\":\"https:\\\/\\\/oderbruchmuseum.de\\\/wp-content\\\/uploads\\\/2024\\\/04\\\/kirche-niederoderbruch.webp\",\"datePublished\":\"2024-04-23T12:40:33+00:00\",\"dateModified\":\"2024-04-23T12:48:48+00:00\",\"breadcrumb\":{\"@id\":\"https:\\\/\\\/oderbruchmuseum.de\\\/kirchen-im-nieder-oderbruch-zentren-unserer-doerfer\\\/#breadcrumb\"},\"inLanguage\":\"pl-PL\",\"potentialAction\":[{\"@type\":\"ReadAction\",\"target\":[\"https:\\\/\\\/oderbruchmuseum.de\\\/kirchen-im-nieder-oderbruch-zentren-unserer-doerfer\\\/\"]}]},{\"@type\":\"ImageObject\",\"inLanguage\":\"pl-PL\",\"@id\":\"https:\\\/\\\/oderbruchmuseum.de\\\/kirchen-im-nieder-oderbruch-zentren-unserer-doerfer\\\/#primaryimage\",\"url\":\"https:\\\/\\\/oderbruchmuseum.de\\\/wp-content\\\/uploads\\\/2024\\\/04\\\/kirche-niederoderbruch.webp\",\"contentUrl\":\"https:\\\/\\\/oderbruchmuseum.de\\\/wp-content\\\/uploads\\\/2024\\\/04\\\/kirche-niederoderbruch.webp\",\"width\":800,\"height\":500},{\"@type\":\"BreadcrumbList\",\"@id\":\"https:\\\/\\\/oderbruchmuseum.de\\\/kirchen-im-nieder-oderbruch-zentren-unserer-doerfer\\\/#breadcrumb\",\"itemListElement\":[{\"@type\":\"ListItem\",\"position\":1,\"name\":\"Startseite\",\"item\":\"https:\\\/\\\/oderbruchmuseum.de\\\/\"},{\"@type\":\"ListItem\",\"position\":2,\"name\":\"Kirchen im Nieder-Oderbruch &#8211; Zentren unserer D\u00f6rfer?\"}]},{\"@type\":\"WebSite\",\"@id\":\"https:\\\/\\\/oderbruchmuseum.de\\\/#website\",\"url\":\"https:\\\/\\\/oderbruchmuseum.de\\\/\",\"name\":\"Oderbruchmuseum Altranft\",\"description\":\"Werkstatt f\u00fcr l\u00e4ndliche Kultur\",\"publisher\":{\"@id\":\"https:\\\/\\\/oderbruchmuseum.de\\\/#organization\"},\"potentialAction\":[{\"@type\":\"SearchAction\",\"target\":{\"@type\":\"EntryPoint\",\"urlTemplate\":\"https:\\\/\\\/oderbruchmuseum.de\\\/?s={search_term_string}\"},\"query-input\":{\"@type\":\"PropertyValueSpecification\",\"valueRequired\":true,\"valueName\":\"search_term_string\"}}],\"inLanguage\":\"pl-PL\"},{\"@type\":\"Organization\",\"@id\":\"https:\\\/\\\/oderbruchmuseum.de\\\/#organization\",\"name\":\"Oderbruchmuseum\",\"url\":\"https:\\\/\\\/oderbruchmuseum.de\\\/\",\"logo\":{\"@type\":\"ImageObject\",\"inLanguage\":\"pl-PL\",\"@id\":\"https:\\\/\\\/oderbruchmuseum.de\\\/#\\\/schema\\\/logo\\\/image\\\/\",\"url\":\"https:\\\/\\\/oderbruchmuseum.de\\\/wp-content\\\/uploads\\\/2020\\\/05\\\/rad-oderbruchmuseum.png\",\"contentUrl\":\"https:\\\/\\\/oderbruchmuseum.de\\\/wp-content\\\/uploads\\\/2020\\\/05\\\/rad-oderbruchmuseum.png\",\"width\":487,\"height\":451,\"caption\":\"Oderbruchmuseum\"},\"image\":{\"@id\":\"https:\\\/\\\/oderbruchmuseum.de\\\/#\\\/schema\\\/logo\\\/image\\\/\"},\"sameAs\":[\"https:\\\/\\\/www.facebook.com\\\/oderbruchmuseum\\\/\",\"https:\\\/\\\/www.instagram.com\\\/oderbruchmuseum\\\/\"]},{\"@type\":\"Person\",\"@id\":\"https:\\\/\\\/oderbruchmuseum.de\\\/#\\\/schema\\\/person\\\/93512e3f164d102fa56fa4f3be852903\",\"name\":\"oderbruchmuseum\",\"image\":{\"@type\":\"ImageObject\",\"inLanguage\":\"pl-PL\",\"@id\":\"https:\\\/\\\/secure.gravatar.com\\\/avatar\\\/4cb85b2fcffa9ea28f25b7fb4c0f736311c2de7d30be78953131dbbd284af8bf?s=96&d=mm&r=g\",\"url\":\"https:\\\/\\\/secure.gravatar.com\\\/avatar\\\/4cb85b2fcffa9ea28f25b7fb4c0f736311c2de7d30be78953131dbbd284af8bf?s=96&d=mm&r=g\",\"contentUrl\":\"https:\\\/\\\/secure.gravatar.com\\\/avatar\\\/4cb85b2fcffa9ea28f25b7fb4c0f736311c2de7d30be78953131dbbd284af8bf?s=96&d=mm&r=g\",\"caption\":\"oderbruchmuseum\"},\"url\":\"https:\\\/\\\/oderbruchmuseum.de\\\/pl\\\/author\\\/marenbuhmann\\\/\"}]}<\/script>\n<!-- \/ Yoast SEO plugin. -->","yoast_head_json":{"title":"Ko\u015bcio\u0142y w Dolnym Oderbruch - centra naszych wiosek? - Muzeum Oderbruch Altranft","robots":{"index":"index","follow":"follow","max-snippet":"max-snippet:-1","max-image-preview":"max-image-preview:large","max-video-preview":"max-video-preview:-1"},"canonical":"https:\/\/oderbruchmuseum.de\/pl\/kirchen-im-nieder-oderbruch-zentren-unserer-doerfer\/","og_locale":"pl_PL","og_type":"article","og_title":"Kirchen im Nieder-Oderbruch - Zentren unserer D\u00f6rfer? - Oderbruch Museum Altranft","og_description":"Eine (Denk-)Tour f\u00fcr die Bewohner - und auch f\u00fcr Wanderer, Rad- und Autofahrer","og_url":"https:\/\/oderbruchmuseum.de\/pl\/kirchen-im-nieder-oderbruch-zentren-unserer-doerfer\/","og_site_name":"Oderbruch Museum Altranft","article_publisher":"https:\/\/www.facebook.com\/oderbruchmuseum\/","article_published_time":"2024-04-23T12:40:33+00:00","article_modified_time":"2024-04-23T12:48:48+00:00","og_image":[{"width":800,"height":500,"url":"https:\/\/oderbruchmuseum.de\/wp-content\/uploads\/2024\/04\/kirche-niederoderbruch.webp","type":"image\/webp"}],"author":"oderbruchmuseum","twitter_card":"summary_large_image","twitter_misc":{"Napisane przez":"oderbruchmuseum","Szacowany czas czytania":"3 minuty"},"schema":{"@context":"https:\/\/schema.org","@graph":[{"@type":"Article","@id":"https:\/\/oderbruchmuseum.de\/kirchen-im-nieder-oderbruch-zentren-unserer-doerfer\/#article","isPartOf":{"@id":"https:\/\/oderbruchmuseum.de\/kirchen-im-nieder-oderbruch-zentren-unserer-doerfer\/"},"author":{"name":"oderbruchmuseum","@id":"https:\/\/oderbruchmuseum.de\/#\/schema\/person\/93512e3f164d102fa56fa4f3be852903"},"headline":"Kirchen im Nieder-Oderbruch &#8211; Zentren unserer D\u00f6rfer?","datePublished":"2024-04-23T12:40:33+00:00","dateModified":"2024-04-23T12:48:48+00:00","mainEntityOfPage":{"@id":"https:\/\/oderbruchmuseum.de\/kirchen-im-nieder-oderbruch-zentren-unserer-doerfer\/"},"wordCount":396,"publisher":{"@id":"https:\/\/oderbruchmuseum.de\/#organization"},"image":{"@id":"https:\/\/oderbruchmuseum.de\/kirchen-im-nieder-oderbruch-zentren-unserer-doerfer\/#primaryimage"},"thumbnailUrl":"https:\/\/oderbruchmuseum.de\/wp-content\/uploads\/2024\/04\/kirche-niederoderbruch.webp","articleSection":["Partnerprojekte 2024"],"inLanguage":"pl-PL"},{"@type":"WebPage","@id":"https:\/\/oderbruchmuseum.de\/kirchen-im-nieder-oderbruch-zentren-unserer-doerfer\/","url":"https:\/\/oderbruchmuseum.de\/kirchen-im-nieder-oderbruch-zentren-unserer-doerfer\/","name":"Ko\u015bcio\u0142y w Dolnym Oderbruch - centra naszych wiosek? - Muzeum Oderbruch Altranft","isPartOf":{"@id":"https:\/\/oderbruchmuseum.de\/#website"},"primaryImageOfPage":{"@id":"https:\/\/oderbruchmuseum.de\/kirchen-im-nieder-oderbruch-zentren-unserer-doerfer\/#primaryimage"},"image":{"@id":"https:\/\/oderbruchmuseum.de\/kirchen-im-nieder-oderbruch-zentren-unserer-doerfer\/#primaryimage"},"thumbnailUrl":"https:\/\/oderbruchmuseum.de\/wp-content\/uploads\/2024\/04\/kirche-niederoderbruch.webp","datePublished":"2024-04-23T12:40:33+00:00","dateModified":"2024-04-23T12:48:48+00:00","breadcrumb":{"@id":"https:\/\/oderbruchmuseum.de\/kirchen-im-nieder-oderbruch-zentren-unserer-doerfer\/#breadcrumb"},"inLanguage":"pl-PL","potentialAction":[{"@type":"ReadAction","target":["https:\/\/oderbruchmuseum.de\/kirchen-im-nieder-oderbruch-zentren-unserer-doerfer\/"]}]},{"@type":"ImageObject","inLanguage":"pl-PL","@id":"https:\/\/oderbruchmuseum.de\/kirchen-im-nieder-oderbruch-zentren-unserer-doerfer\/#primaryimage","url":"https:\/\/oderbruchmuseum.de\/wp-content\/uploads\/2024\/04\/kirche-niederoderbruch.webp","contentUrl":"https:\/\/oderbruchmuseum.de\/wp-content\/uploads\/2024\/04\/kirche-niederoderbruch.webp","width":800,"height":500},{"@type":"BreadcrumbList","@id":"https:\/\/oderbruchmuseum.de\/kirchen-im-nieder-oderbruch-zentren-unserer-doerfer\/#breadcrumb","itemListElement":[{"@type":"ListItem","position":1,"name":"Startseite","item":"https:\/\/oderbruchmuseum.de\/"},{"@type":"ListItem","position":2,"name":"Kirchen im Nieder-Oderbruch &#8211; Zentren unserer D\u00f6rfer?"}]},{"@type":"WebSite","@id":"https:\/\/oderbruchmuseum.de\/#website","url":"https:\/\/oderbruchmuseum.de\/","name":"Muzeum Oderbruch Altranft","description":"Warsztaty kultury wiejskiej","publisher":{"@id":"https:\/\/oderbruchmuseum.de\/#organization"},"potentialAction":[{"@type":"SearchAction","target":{"@type":"EntryPoint","urlTemplate":"https:\/\/oderbruchmuseum.de\/?s={search_term_string}"},"query-input":{"@type":"PropertyValueSpecification","valueRequired":true,"valueName":"search_term_string"}}],"inLanguage":"pl-PL"},{"@type":"Organization","@id":"https:\/\/oderbruchmuseum.de\/#organization","name":"Muzeum Oderbruch","url":"https:\/\/oderbruchmuseum.de\/","logo":{"@type":"ImageObject","inLanguage":"pl-PL","@id":"https:\/\/oderbruchmuseum.de\/#\/schema\/logo\/image\/","url":"https:\/\/oderbruchmuseum.de\/wp-content\/uploads\/2020\/05\/rad-oderbruchmuseum.png","contentUrl":"https:\/\/oderbruchmuseum.de\/wp-content\/uploads\/2020\/05\/rad-oderbruchmuseum.png","width":487,"height":451,"caption":"Oderbruchmuseum"},"image":{"@id":"https:\/\/oderbruchmuseum.de\/#\/schema\/logo\/image\/"},"sameAs":["https:\/\/www.facebook.com\/oderbruchmuseum\/","https:\/\/www.instagram.com\/oderbruchmuseum\/"]},{"@type":"Person","@id":"https:\/\/oderbruchmuseum.de\/#\/schema\/person\/93512e3f164d102fa56fa4f3be852903","name":"lub muzeum z\u0142ama\u0144","image":{"@type":"ImageObject","inLanguage":"pl-PL","@id":"https:\/\/secure.gravatar.com\/avatar\/4cb85b2fcffa9ea28f25b7fb4c0f736311c2de7d30be78953131dbbd284af8bf?s=96&d=mm&r=g","url":"https:\/\/secure.gravatar.com\/avatar\/4cb85b2fcffa9ea28f25b7fb4c0f736311c2de7d30be78953131dbbd284af8bf?s=96&d=mm&r=g","contentUrl":"https:\/\/secure.gravatar.com\/avatar\/4cb85b2fcffa9ea28f25b7fb4c0f736311c2de7d30be78953131dbbd284af8bf?s=96&d=mm&r=g","caption":"oderbruchmuseum"},"url":"https:\/\/oderbruchmuseum.de\/pl\/author\/marenbuhmann\/"}]}},"jetpack_featured_media_url":"https:\/\/oderbruchmuseum.de\/wp-content\/uploads\/2024\/04\/kirche-niederoderbruch.webp","jetpack_sharing_enabled":true,"_links":{"self":[{"href":"https:\/\/oderbruchmuseum.de\/pl\/wp-json\/wp\/v2\/posts\/13439","targetHints":{"allow":["GET"]}}],"collection":[{"href":"https:\/\/oderbruchmuseum.de\/pl\/wp-json\/wp\/v2\/posts"}],"about":[{"href":"https:\/\/oderbruchmuseum.de\/pl\/wp-json\/wp\/v2\/types\/post"}],"author":[{"embeddable":true,"href":"https:\/\/oderbruchmuseum.de\/pl\/wp-json\/wp\/v2\/users\/1"}],"replies":[{"embeddable":true,"href":"https:\/\/oderbruchmuseum.de\/pl\/wp-json\/wp\/v2\/comments?post=13439"}],"version-history":[{"count":0,"href":"https:\/\/oderbruchmuseum.de\/pl\/wp-json\/wp\/v2\/posts\/13439\/revisions"}],"wp:featuredmedia":[{"embeddable":true,"href":"https:\/\/oderbruchmuseum.de\/pl\/wp-json\/wp\/v2\/media\/13441"}],"wp:attachment":[{"href":"https:\/\/oderbruchmuseum.de\/pl\/wp-json\/wp\/v2\/media?parent=13439"}],"wp:term":[{"taxonomy":"category","embeddable":true,"href":"https:\/\/oderbruchmuseum.de\/pl\/wp-json\/wp\/v2\/categories?post=13439"},{"taxonomy":"post_tag","embeddable":true,"href":"https:\/\/oderbruchmuseum.de\/pl\/wp-json\/wp\/v2\/tags?post=13439"}],"curies":[{"name":"wp","href":"https:\/\/api.w.org\/{rel}","templated":true}]}}