{"id":7092,"date":"2021-04-19T16:55:32","date_gmt":"2021-04-19T14:55:32","guid":{"rendered":"https:\/\/oderbruchmuseum.de\/?p=7092"},"modified":"2023-03-27T12:54:45","modified_gmt":"2023-03-27T10:54:45","slug":"kulturerbe-siegel","status":"publish","type":"post","link":"https:\/\/oderbruchmuseum.de\/en\/kulturerbe-siegel\/","title":{"rendered":"Cultural Heritage Seal"},"content":{"rendered":"<figure class=\"wp-block-video\"><video height=\"640\" style=\"aspect-ratio: 1280 \/ 640;\" width=\"1280\" controls src=\"https:\/\/oderbruchmuseum.de\/wp-content\/uploads\/2021\/11\/Trailer-Kulturerbeorte.mp4\"><\/video><\/figure>\n\n\n\n<h2 class=\"wp-block-heading\"><strong>The Oderbruch - people make landscape<\/strong><\/h2>\n\n\n\n<p>In 2022, the Oderbruch will be the first cultural landscape to receive the European Heritage Seal. The seal is awarded to the landscape as cultural heritage because the ideals and history of the EU are symbolized here in a special way.<\/p>\n\n\n\n<p>Under the title \"The Oderbruch - People Make Landscape\", the cultural landscape presents itself as a concise example of the anthropogenic shaping of landscapes in European history. As a clearly definable and largest settled river polder in Europe, it has a spatially transcending water system, a so-called landscape machine, which integrates technical elements from more than 250 years in an extension of almost 1,000 square kilometers. The settlement history of the Oderbruch has been reflected in an extraordinarily high density of architectural monuments and is still very legible for visitors today in the form of fishing villages, colonist villages and loosely built farmsteads. In the self-image of free farmers, responsible for their own existence, the colonists continue to shape a rural democracy that is characterized by a high level of cultural and communal political vitality. Since the Prussian internal colonization of the 18th century, the population of the Oderbruch has been repeatedly enriched by immigration until today.<\/p>\n\n\n\n<div class=\"wp-block-columns is-layout-flex wp-container-core-columns-is-layout-9d6595d7 wp-block-columns-is-layout-flex\">\n<div class=\"wp-block-column is-layout-flow wp-block-column-is-layout-flow\" style=\"flex-basis:31.7%\">\n<p><br>The complete <a href=\"https:\/\/oderbruchmuseum.de\/wp-content\/uploads\/2020\/12\/Bewerbung-Kulturerbesiegel-Oderbruch.pdf\" target=\"_blank\" rel=\"noreferrer noopener\">Application<\/a> <br>you will find in our<br><a href=\"https:\/\/oderbruchmuseum.de\/en\/info-material\/\" target=\"_blank\" rel=\"noreferrer noopener\">Download library<\/a>. <\/p>\n<\/div>\n\n\n\n<div class=\"wp-block-column is-layout-flow wp-block-column-is-layout-flow\"><div class=\"wp-block-image\">\n<figure class=\"alignleft size-large\"><a href=\"https:\/\/oderbruchmuseum.de\/wp-content\/uploads\/2020\/12\/Bewerbung-Kulturerbesiegel-Oderbruch.pdf\"><img loading=\"lazy\" decoding=\"async\" width=\"212\" height=\"300\" data-attachment-id=\"7361\" data-permalink=\"https:\/\/oderbruchmuseum.de\/en\/kulturerbe-siegel\/bewerbung-kulturerbesiegel-2\/\" data-orig-file=\"https:\/\/oderbruchmuseum.de\/wp-content\/uploads\/2021\/04\/Bewerbung-Kulturerbesiegel.gif\" data-orig-size=\"212,300\" data-comments-opened=\"0\" data-image-meta=\"{&quot;aperture&quot;:&quot;0&quot;,&quot;credit&quot;:&quot;&quot;,&quot;camera&quot;:&quot;&quot;,&quot;caption&quot;:&quot;&quot;,&quot;created_timestamp&quot;:&quot;0&quot;,&quot;copyright&quot;:&quot;&quot;,&quot;focal_length&quot;:&quot;0&quot;,&quot;iso&quot;:&quot;0&quot;,&quot;shutter_speed&quot;:&quot;0&quot;,&quot;title&quot;:&quot;&quot;,&quot;orientation&quot;:&quot;0&quot;}\" data-image-title=\"Bewerbung-Kulturerbesiegel\" data-image-description=\"\" data-image-caption=\"\" data-large-file=\"https:\/\/oderbruchmuseum.de\/wp-content\/uploads\/2021\/04\/Bewerbung-Kulturerbesiegel.gif\" src=\"https:\/\/oderbruchmuseum.de\/wp-content\/uploads\/2021\/04\/Bewerbung-Kulturerbesiegel.gif\" alt=\"Ansicht der Bewerbungsbrosch\u00fcre\" class=\"wp-image-7361\"\/><\/a><\/figure>\n<\/div><\/div>\n<\/div>\n\n\n\n<p><\/p>\n\n\n\n<h3 class=\"wp-block-heading\"><strong>European history<\/strong><\/h3>\n\n\n\n<p>The Oderbruch is exemplary for the future of rural areas in Europe. From a historical perspective, the cultural landscape also owes its existence to the most advanced engineering knowledge in Europe in the 18th century. It stands for an appropriation of nature on a large scale, laborious yet sustainable, because its water system has been steadily optimized and made more environmentally compatible over ten generations, through system breaks and wars. Immigration from many parts of Europe has made the Oderbruch a particularly diverse rural area today: a Little Europe.<\/p>\n\n\n\n<h3 class=\"wp-block-heading\"><strong>Communicate European significance<\/strong><\/h3>\n\n\n\n<p>This is one of the core questions in the application. In 2016, the Oderbruch Museum Altranft - Workshop for Rural Culture began to establish a network of <a href=\"https:\/\/oderbruchmuseum.de\/en\/kulturerbe-orte\/\" target=\"_blank\" rel=\"noreferrer noopener\">Heritage sites<\/a> which today is the most important basis for an attractive mediation offer. The offer is aimed at both residents and tourists. The designated cultural heritage sites are the cultural tourism highlights of the Oderbruch. Together they present themselves in a <a href=\"https:\/\/oderbruchmuseum.de\/en\/schaukasten\/\" target=\"_blank\" rel=\"noreferrer noopener\">Exhibition<\/a> in the Oderbruch Museum and in the guidebook <a href=\"https:\/\/oderbruchmuseum.de\/en\/schau-ins-bruch\/\">Look into the fracture<\/a> (<a href=\"https:\/\/oderbruchmuseum.de\/en\/zajrzyj-na-legi\/\">Zajrzyj na \u0141\u0119gi<\/a>). Every year, the heritage sites host <a href=\"https:\/\/oderbruchmuseum.de\/en\/partnerprojekte\/\" target=\"_blank\" rel=\"noreferrer noopener\">Partner projects<\/a> with various event offers takes place.<\/p>\n\n\n\n<p>The interest of young people should also be aroused. In the <a href=\"https:\/\/oderbruchmuseum.de\/en\/landschaftliche-bildung2\/\" target=\"_blank\" rel=\"noreferrer noopener\">Landscape education<\/a> educational opportunities are created for young people. Students present the heritage sites in the film series <a href=\"https:\/\/oderbruchmuseum.de\/en\/jugend-filmt-kulturerbe-orte-im-oderbruch\/\" target=\"_blank\" rel=\"noreferrer noopener\">Youth films cultural heritage<\/a> in front of. The children's quarry \"<a href=\"https:\/\/oderbruchpavillon.de\/bildung\/landschaftskunde\/kinderbuch-odernixe.html\" target=\"_blank\" rel=\"noreferrer noopener\">How I discovered the mermaid and ran up with the dike<\/a>\" explains the Oderbruch to the children using a landscape puzzle. You can find more educational offers <a href=\"https:\/\/oderbruchmuseum.de\/en\/mitmachen\/\" target=\"_blank\" rel=\"noreferrer noopener\">here<\/a>.<\/p>\n\n\n\n<h3 class=\"wp-block-heading\"><strong>Contact<\/strong><\/h3>\n\n\n\n<p>Municipal Working Group Cultural Heritage Oderbruch<br>Coordination Office<br>c\/o Museum Society Altranft e.V.<\/p>\n\n\n\n<p>Schneiderstrasse 18<br>16259 Bad Freienwalde OT Altranft<\/p>\n\n\n\n<p>Phone: 03344 1553901<br><a href=\"mailto:info@kulturerbe-oderbruch.de\">info@kulturerbe-oderbruch.de<\/a><\/p>\n\n\n\n<p>An initiative of the Oderbruch Museum Altranft - Workshop for Rural Culture and the Municipal Working Group Cultural Heritage Oderbruch. With the support of the counties<br>M\u00e4rkisch-Oderland and Barnim, the cities of Bad Freienwalde (Oder), Seelow and Wriezen<\/p>","protected":false},"excerpt":{"rendered":"<p>The Oderbruch has been nominated for the European Heritage Label. Read about the European significance and the special features of the largest populated river polder in Europe in the application.<\/p>","protected":false},"author":1,"featured_media":7094,"comment_status":"closed","ping_status":"closed","sticky":false,"template":"template-fullwidth.php","format":"standard","meta":{"inline_featured_image":false,"_jetpack_memberships_contains_paid_content":false,"footnotes":""},"categories":[120],"tags":[],"class_list":["post-7092","post","type-post","status-publish","format-standard","has-post-thumbnail","hentry","category-ke_auswahl"],"yoast_head":"<!-- This site is optimized with the Yoast SEO plugin v27.4 - https:\/\/yoast.com\/product\/yoast-seo-wordpress\/ -->\n<title>Kulturerbe-Siegel - Oderbruch Museum Altranft<\/title>\n<meta name=\"description\" content=\"Das Oderbruch wurde im Oktober 2020 von der Kulturministerkonferenz der Bundesrepublik Deutschland f\u00fcr das Europ\u00e4ische Kulturerbe-Siegel nominiert. Das Oderbruch w\u00e4re in ganz Europa die erste Kulturlandschaft, die dieses Siegel bekommt.\" \/>\n<meta name=\"robots\" content=\"index, follow, max-snippet:-1, max-image-preview:large, max-video-preview:-1\" \/>\n<link rel=\"canonical\" href=\"https:\/\/oderbruchmuseum.de\/en\/kulturerbe-siegel\/\" \/>\n<meta property=\"og:locale\" content=\"en_US\" \/>\n<meta property=\"og:type\" content=\"article\" \/>\n<meta property=\"og:title\" content=\"Kulturerbe-Siegel - Oderbruch Museum Altranft\" \/>\n<meta property=\"og:description\" content=\"Das Oderbruch wurde im Oktober 2020 von der Kulturministerkonferenz der Bundesrepublik Deutschland f\u00fcr das Europ\u00e4ische Kulturerbe-Siegel nominiert. Das Oderbruch w\u00e4re in ganz Europa die erste Kulturlandschaft, die dieses Siegel bekommt.\" \/>\n<meta property=\"og:url\" content=\"https:\/\/oderbruchmuseum.de\/en\/kulturerbe-siegel\/\" \/>\n<meta property=\"og:site_name\" content=\"Oderbruch Museum Altranft\" \/>\n<meta property=\"article:publisher\" content=\"https:\/\/www.facebook.com\/oderbruchmuseum\/\" \/>\n<meta property=\"article:published_time\" content=\"2021-04-19T14:55:32+00:00\" \/>\n<meta property=\"article:modified_time\" content=\"2023-03-27T10:54:45+00:00\" \/>\n<meta property=\"og:image\" content=\"https:\/\/oderbruchmuseum.de\/wp-content\/uploads\/2021\/04\/zoll\u00a9camcop-media-AndreasKlug.jpg\" \/>\n\t<meta property=\"og:image:width\" content=\"800\" \/>\n\t<meta property=\"og:image:height\" content=\"600\" \/>\n\t<meta property=\"og:image:type\" content=\"image\/jpeg\" \/>\n<meta name=\"author\" content=\"oderbruchmuseum\" \/>\n<meta name=\"twitter:card\" content=\"summary_large_image\" \/>\n<meta name=\"twitter:label1\" content=\"Written by\" \/>\n\t<meta name=\"twitter:data1\" content=\"oderbruchmuseum\" \/>\n\t<meta name=\"twitter:label2\" content=\"Est. reading time\" \/>\n\t<meta name=\"twitter:data2\" content=\"3 minutes\" \/>\n<script type=\"application\/ld+json\" class=\"yoast-schema-graph\">{\"@context\":\"https:\\\/\\\/schema.org\",\"@graph\":[{\"@type\":\"Article\",\"@id\":\"https:\\\/\\\/oderbruchmuseum.de\\\/kulturerbe-siegel\\\/#article\",\"isPartOf\":{\"@id\":\"https:\\\/\\\/oderbruchmuseum.de\\\/kulturerbe-siegel\\\/\"},\"author\":{\"name\":\"oderbruchmuseum\",\"@id\":\"https:\\\/\\\/oderbruchmuseum.de\\\/#\\\/schema\\\/person\\\/93512e3f164d102fa56fa4f3be852903\"},\"headline\":\"Kulturerbe-Siegel\",\"datePublished\":\"2021-04-19T14:55:32+00:00\",\"dateModified\":\"2023-03-27T10:54:45+00:00\",\"mainEntityOfPage\":{\"@id\":\"https:\\\/\\\/oderbruchmuseum.de\\\/kulturerbe-siegel\\\/\"},\"wordCount\":499,\"publisher\":{\"@id\":\"https:\\\/\\\/oderbruchmuseum.de\\\/#organization\"},\"image\":{\"@id\":\"https:\\\/\\\/oderbruchmuseum.de\\\/kulturerbe-siegel\\\/#primaryimage\"},\"thumbnailUrl\":\"https:\\\/\\\/oderbruchmuseum.de\\\/wp-content\\\/uploads\\\/2021\\\/04\\\/zoll\u00a9camcop-media-AndreasKlug.jpg\",\"articleSection\":[\"KE_Auswahl\"],\"inLanguage\":\"en-US\"},{\"@type\":\"WebPage\",\"@id\":\"https:\\\/\\\/oderbruchmuseum.de\\\/kulturerbe-siegel\\\/\",\"url\":\"https:\\\/\\\/oderbruchmuseum.de\\\/kulturerbe-siegel\\\/\",\"name\":\"Kulturerbe-Siegel - Oderbruch Museum Altranft\",\"isPartOf\":{\"@id\":\"https:\\\/\\\/oderbruchmuseum.de\\\/#website\"},\"primaryImageOfPage\":{\"@id\":\"https:\\\/\\\/oderbruchmuseum.de\\\/kulturerbe-siegel\\\/#primaryimage\"},\"image\":{\"@id\":\"https:\\\/\\\/oderbruchmuseum.de\\\/kulturerbe-siegel\\\/#primaryimage\"},\"thumbnailUrl\":\"https:\\\/\\\/oderbruchmuseum.de\\\/wp-content\\\/uploads\\\/2021\\\/04\\\/zoll\u00a9camcop-media-AndreasKlug.jpg\",\"datePublished\":\"2021-04-19T14:55:32+00:00\",\"dateModified\":\"2023-03-27T10:54:45+00:00\",\"description\":\"Das Oderbruch wurde im Oktober 2020 von der Kulturministerkonferenz der Bundesrepublik Deutschland f\u00fcr das Europ\u00e4ische Kulturerbe-Siegel nominiert. Das Oderbruch w\u00e4re in ganz Europa die erste Kulturlandschaft, die dieses Siegel bekommt.\",\"breadcrumb\":{\"@id\":\"https:\\\/\\\/oderbruchmuseum.de\\\/kulturerbe-siegel\\\/#breadcrumb\"},\"inLanguage\":\"en-US\",\"potentialAction\":[{\"@type\":\"ReadAction\",\"target\":[\"https:\\\/\\\/oderbruchmuseum.de\\\/kulturerbe-siegel\\\/\"]}]},{\"@type\":\"ImageObject\",\"inLanguage\":\"en-US\",\"@id\":\"https:\\\/\\\/oderbruchmuseum.de\\\/kulturerbe-siegel\\\/#primaryimage\",\"url\":\"https:\\\/\\\/oderbruchmuseum.de\\\/wp-content\\\/uploads\\\/2021\\\/04\\\/zoll\u00a9camcop-media-AndreasKlug.jpg\",\"contentUrl\":\"https:\\\/\\\/oderbruchmuseum.de\\\/wp-content\\\/uploads\\\/2021\\\/04\\\/zoll\u00a9camcop-media-AndreasKlug.jpg\",\"width\":800,\"height\":600,\"caption\":\"Zollbruecke\"},{\"@type\":\"BreadcrumbList\",\"@id\":\"https:\\\/\\\/oderbruchmuseum.de\\\/kulturerbe-siegel\\\/#breadcrumb\",\"itemListElement\":[{\"@type\":\"ListItem\",\"position\":1,\"name\":\"Startseite\",\"item\":\"https:\\\/\\\/oderbruchmuseum.de\\\/\"},{\"@type\":\"ListItem\",\"position\":2,\"name\":\"Kulturerbe-Siegel\"}]},{\"@type\":\"WebSite\",\"@id\":\"https:\\\/\\\/oderbruchmuseum.de\\\/#website\",\"url\":\"https:\\\/\\\/oderbruchmuseum.de\\\/\",\"name\":\"Oderbruchmuseum Altranft\",\"description\":\"Werkstatt f\u00fcr l\u00e4ndliche Kultur\",\"publisher\":{\"@id\":\"https:\\\/\\\/oderbruchmuseum.de\\\/#organization\"},\"potentialAction\":[{\"@type\":\"SearchAction\",\"target\":{\"@type\":\"EntryPoint\",\"urlTemplate\":\"https:\\\/\\\/oderbruchmuseum.de\\\/?s={search_term_string}\"},\"query-input\":{\"@type\":\"PropertyValueSpecification\",\"valueRequired\":true,\"valueName\":\"search_term_string\"}}],\"inLanguage\":\"en-US\"},{\"@type\":\"Organization\",\"@id\":\"https:\\\/\\\/oderbruchmuseum.de\\\/#organization\",\"name\":\"Oderbruchmuseum\",\"url\":\"https:\\\/\\\/oderbruchmuseum.de\\\/\",\"logo\":{\"@type\":\"ImageObject\",\"inLanguage\":\"en-US\",\"@id\":\"https:\\\/\\\/oderbruchmuseum.de\\\/#\\\/schema\\\/logo\\\/image\\\/\",\"url\":\"https:\\\/\\\/oderbruchmuseum.de\\\/wp-content\\\/uploads\\\/2020\\\/05\\\/rad-oderbruchmuseum.png\",\"contentUrl\":\"https:\\\/\\\/oderbruchmuseum.de\\\/wp-content\\\/uploads\\\/2020\\\/05\\\/rad-oderbruchmuseum.png\",\"width\":487,\"height\":451,\"caption\":\"Oderbruchmuseum\"},\"image\":{\"@id\":\"https:\\\/\\\/oderbruchmuseum.de\\\/#\\\/schema\\\/logo\\\/image\\\/\"},\"sameAs\":[\"https:\\\/\\\/www.facebook.com\\\/oderbruchmuseum\\\/\",\"https:\\\/\\\/www.instagram.com\\\/oderbruchmuseum\\\/\"]},{\"@type\":\"Person\",\"@id\":\"https:\\\/\\\/oderbruchmuseum.de\\\/#\\\/schema\\\/person\\\/93512e3f164d102fa56fa4f3be852903\",\"name\":\"oderbruchmuseum\",\"image\":{\"@type\":\"ImageObject\",\"inLanguage\":\"en-US\",\"@id\":\"https:\\\/\\\/secure.gravatar.com\\\/avatar\\\/4cb85b2fcffa9ea28f25b7fb4c0f736311c2de7d30be78953131dbbd284af8bf?s=96&d=mm&r=g\",\"url\":\"https:\\\/\\\/secure.gravatar.com\\\/avatar\\\/4cb85b2fcffa9ea28f25b7fb4c0f736311c2de7d30be78953131dbbd284af8bf?s=96&d=mm&r=g\",\"contentUrl\":\"https:\\\/\\\/secure.gravatar.com\\\/avatar\\\/4cb85b2fcffa9ea28f25b7fb4c0f736311c2de7d30be78953131dbbd284af8bf?s=96&d=mm&r=g\",\"caption\":\"oderbruchmuseum\"},\"url\":\"https:\\\/\\\/oderbruchmuseum.de\\\/en\\\/author\\\/marenbuhmann\\\/\"}]}<\/script>\n<!-- \/ Yoast SEO plugin. -->","yoast_head_json":{"title":"Cultural heritage seal - Oderbruch Museum Altranft","description":"In October 2020, the Oderbruch was nominated for the European Heritage Label by the Conference of Culture Ministers of the Federal Republic of Germany. The Oderbruch would be the first cultural landscape in the whole of Europe to receive this seal.","robots":{"index":"index","follow":"follow","max-snippet":"max-snippet:-1","max-image-preview":"max-image-preview:large","max-video-preview":"max-video-preview:-1"},"canonical":"https:\/\/oderbruchmuseum.de\/en\/kulturerbe-siegel\/","og_locale":"en_US","og_type":"article","og_title":"Kulturerbe-Siegel - Oderbruch Museum Altranft","og_description":"Das Oderbruch wurde im Oktober 2020 von der Kulturministerkonferenz der Bundesrepublik Deutschland f\u00fcr das Europ\u00e4ische Kulturerbe-Siegel nominiert. Das Oderbruch w\u00e4re in ganz Europa die erste Kulturlandschaft, die dieses Siegel bekommt.","og_url":"https:\/\/oderbruchmuseum.de\/en\/kulturerbe-siegel\/","og_site_name":"Oderbruch Museum Altranft","article_publisher":"https:\/\/www.facebook.com\/oderbruchmuseum\/","article_published_time":"2021-04-19T14:55:32+00:00","article_modified_time":"2023-03-27T10:54:45+00:00","og_image":[{"width":800,"height":600,"url":"https:\/\/oderbruchmuseum.de\/wp-content\/uploads\/2021\/04\/zoll\u00a9camcop-media-AndreasKlug.jpg","type":"image\/jpeg"}],"author":"oderbruchmuseum","twitter_card":"summary_large_image","twitter_misc":{"Written by":"oderbruchmuseum","Est. reading time":"3 minutes"},"schema":{"@context":"https:\/\/schema.org","@graph":[{"@type":"Article","@id":"https:\/\/oderbruchmuseum.de\/kulturerbe-siegel\/#article","isPartOf":{"@id":"https:\/\/oderbruchmuseum.de\/kulturerbe-siegel\/"},"author":{"name":"oderbruchmuseum","@id":"https:\/\/oderbruchmuseum.de\/#\/schema\/person\/93512e3f164d102fa56fa4f3be852903"},"headline":"Kulturerbe-Siegel","datePublished":"2021-04-19T14:55:32+00:00","dateModified":"2023-03-27T10:54:45+00:00","mainEntityOfPage":{"@id":"https:\/\/oderbruchmuseum.de\/kulturerbe-siegel\/"},"wordCount":499,"publisher":{"@id":"https:\/\/oderbruchmuseum.de\/#organization"},"image":{"@id":"https:\/\/oderbruchmuseum.de\/kulturerbe-siegel\/#primaryimage"},"thumbnailUrl":"https:\/\/oderbruchmuseum.de\/wp-content\/uploads\/2021\/04\/zoll\u00a9camcop-media-AndreasKlug.jpg","articleSection":["KE_Auswahl"],"inLanguage":"en-US"},{"@type":"WebPage","@id":"https:\/\/oderbruchmuseum.de\/kulturerbe-siegel\/","url":"https:\/\/oderbruchmuseum.de\/kulturerbe-siegel\/","name":"Cultural heritage seal - Oderbruch Museum Altranft","isPartOf":{"@id":"https:\/\/oderbruchmuseum.de\/#website"},"primaryImageOfPage":{"@id":"https:\/\/oderbruchmuseum.de\/kulturerbe-siegel\/#primaryimage"},"image":{"@id":"https:\/\/oderbruchmuseum.de\/kulturerbe-siegel\/#primaryimage"},"thumbnailUrl":"https:\/\/oderbruchmuseum.de\/wp-content\/uploads\/2021\/04\/zoll\u00a9camcop-media-AndreasKlug.jpg","datePublished":"2021-04-19T14:55:32+00:00","dateModified":"2023-03-27T10:54:45+00:00","description":"In October 2020, the Oderbruch was nominated for the European Heritage Label by the Conference of Culture Ministers of the Federal Republic of Germany. The Oderbruch would be the first cultural landscape in the whole of Europe to receive this seal.","breadcrumb":{"@id":"https:\/\/oderbruchmuseum.de\/kulturerbe-siegel\/#breadcrumb"},"inLanguage":"en-US","potentialAction":[{"@type":"ReadAction","target":["https:\/\/oderbruchmuseum.de\/kulturerbe-siegel\/"]}]},{"@type":"ImageObject","inLanguage":"en-US","@id":"https:\/\/oderbruchmuseum.de\/kulturerbe-siegel\/#primaryimage","url":"https:\/\/oderbruchmuseum.de\/wp-content\/uploads\/2021\/04\/zoll\u00a9camcop-media-AndreasKlug.jpg","contentUrl":"https:\/\/oderbruchmuseum.de\/wp-content\/uploads\/2021\/04\/zoll\u00a9camcop-media-AndreasKlug.jpg","width":800,"height":600,"caption":"Zollbruecke"},{"@type":"BreadcrumbList","@id":"https:\/\/oderbruchmuseum.de\/kulturerbe-siegel\/#breadcrumb","itemListElement":[{"@type":"ListItem","position":1,"name":"Startseite","item":"https:\/\/oderbruchmuseum.de\/"},{"@type":"ListItem","position":2,"name":"Kulturerbe-Siegel"}]},{"@type":"WebSite","@id":"https:\/\/oderbruchmuseum.de\/#website","url":"https:\/\/oderbruchmuseum.de\/","name":"Oderbruch Museum Altranft","description":"Rural culture workshop","publisher":{"@id":"https:\/\/oderbruchmuseum.de\/#organization"},"potentialAction":[{"@type":"SearchAction","target":{"@type":"EntryPoint","urlTemplate":"https:\/\/oderbruchmuseum.de\/?s={search_term_string}"},"query-input":{"@type":"PropertyValueSpecification","valueRequired":true,"valueName":"search_term_string"}}],"inLanguage":"en-US"},{"@type":"Organization","@id":"https:\/\/oderbruchmuseum.de\/#organization","name":"Oderbruch Museum","url":"https:\/\/oderbruchmuseum.de\/","logo":{"@type":"ImageObject","inLanguage":"en-US","@id":"https:\/\/oderbruchmuseum.de\/#\/schema\/logo\/image\/","url":"https:\/\/oderbruchmuseum.de\/wp-content\/uploads\/2020\/05\/rad-oderbruchmuseum.png","contentUrl":"https:\/\/oderbruchmuseum.de\/wp-content\/uploads\/2020\/05\/rad-oderbruchmuseum.png","width":487,"height":451,"caption":"Oderbruchmuseum"},"image":{"@id":"https:\/\/oderbruchmuseum.de\/#\/schema\/logo\/image\/"},"sameAs":["https:\/\/www.facebook.com\/oderbruchmuseum\/","https:\/\/www.instagram.com\/oderbruchmuseum\/"]},{"@type":"Person","@id":"https:\/\/oderbruchmuseum.de\/#\/schema\/person\/93512e3f164d102fa56fa4f3be852903","name":"or fracture museum","image":{"@type":"ImageObject","inLanguage":"en-US","@id":"https:\/\/secure.gravatar.com\/avatar\/4cb85b2fcffa9ea28f25b7fb4c0f736311c2de7d30be78953131dbbd284af8bf?s=96&d=mm&r=g","url":"https:\/\/secure.gravatar.com\/avatar\/4cb85b2fcffa9ea28f25b7fb4c0f736311c2de7d30be78953131dbbd284af8bf?s=96&d=mm&r=g","contentUrl":"https:\/\/secure.gravatar.com\/avatar\/4cb85b2fcffa9ea28f25b7fb4c0f736311c2de7d30be78953131dbbd284af8bf?s=96&d=mm&r=g","caption":"oderbruchmuseum"},"url":"https:\/\/oderbruchmuseum.de\/en\/author\/marenbuhmann\/"}]}},"jetpack_featured_media_url":"https:\/\/oderbruchmuseum.de\/wp-content\/uploads\/2021\/04\/zoll\u00a9camcop-media-AndreasKlug.jpg","jetpack_sharing_enabled":true,"_links":{"self":[{"href":"https:\/\/oderbruchmuseum.de\/en\/wp-json\/wp\/v2\/posts\/7092","targetHints":{"allow":["GET"]}}],"collection":[{"href":"https:\/\/oderbruchmuseum.de\/en\/wp-json\/wp\/v2\/posts"}],"about":[{"href":"https:\/\/oderbruchmuseum.de\/en\/wp-json\/wp\/v2\/types\/post"}],"author":[{"embeddable":true,"href":"https:\/\/oderbruchmuseum.de\/en\/wp-json\/wp\/v2\/users\/1"}],"replies":[{"embeddable":true,"href":"https:\/\/oderbruchmuseum.de\/en\/wp-json\/wp\/v2\/comments?post=7092"}],"version-history":[{"count":0,"href":"https:\/\/oderbruchmuseum.de\/en\/wp-json\/wp\/v2\/posts\/7092\/revisions"}],"wp:featuredmedia":[{"embeddable":true,"href":"https:\/\/oderbruchmuseum.de\/en\/wp-json\/wp\/v2\/media\/7094"}],"wp:attachment":[{"href":"https:\/\/oderbruchmuseum.de\/en\/wp-json\/wp\/v2\/media?parent=7092"}],"wp:term":[{"taxonomy":"category","embeddable":true,"href":"https:\/\/oderbruchmuseum.de\/en\/wp-json\/wp\/v2\/categories?post=7092"},{"taxonomy":"post_tag","embeddable":true,"href":"https:\/\/oderbruchmuseum.de\/en\/wp-json\/wp\/v2\/tags?post=7092"}],"curies":[{"name":"wp","href":"https:\/\/api.w.org\/{rel}","templated":true}]}}