{"id":1560,"date":"2020-06-08T13:53:59","date_gmt":"2020-06-08T11:53:59","guid":{"rendered":"http:\/\/test.oderbruchmuseum.de\/?p=1560"},"modified":"2026-03-06T09:58:21","modified_gmt":"2026-03-06T08:58:21","slug":"bildersalon","status":"publish","type":"post","link":"https:\/\/oderbruchmuseum.de\/en\/bildersalon\/","title":{"rendered":"Picture Salon"},"content":{"rendered":"<div style=\"height:30px\" aria-hidden=\"true\" class=\"wp-block-spacer\"><\/div>\n\n\n\n<div class=\"wp-block-cover is-light\"><img loading=\"lazy\" decoding=\"async\" width=\"1600\" height=\"600\" data-attachment-id=\"15607\" data-permalink=\"https:\/\/oderbruchmuseum.de\/en\/bildersalon\/bruecken\/\" data-orig-file=\"https:\/\/oderbruchmuseum.de\/wp-content\/uploads\/2020\/06\/bruecken.webp\" data-orig-size=\"1600,600\" data-comments-opened=\"0\" data-image-meta=\"{&quot;aperture&quot;:&quot;0&quot;,&quot;credit&quot;:&quot;&quot;,&quot;camera&quot;:&quot;&quot;,&quot;caption&quot;:&quot;&quot;,&quot;created_timestamp&quot;:&quot;0&quot;,&quot;copyright&quot;:&quot;&quot;,&quot;focal_length&quot;:&quot;0&quot;,&quot;iso&quot;:&quot;0&quot;,&quot;shutter_speed&quot;:&quot;0&quot;,&quot;title&quot;:&quot;&quot;,&quot;orientation&quot;:&quot;0&quot;}\" data-image-title=\"bruecken\" data-image-description=\"\" data-image-caption=\"\" data-large-file=\"https:\/\/oderbruchmuseum.de\/wp-content\/uploads\/2020\/06\/bruecken-1024x384.webp\" class=\"wp-block-cover__image-background wp-image-15607 size-full\" alt=\"\" src=\"https:\/\/oderbruchmuseum.de\/wp-content\/uploads\/2020\/06\/bruecken.webp\" data-object-fit=\"cover\" srcset=\"https:\/\/oderbruchmuseum.de\/wp-content\/uploads\/2020\/06\/bruecken.webp 1600w, https:\/\/oderbruchmuseum.de\/wp-content\/uploads\/2020\/06\/bruecken-300x113.webp 300w, https:\/\/oderbruchmuseum.de\/wp-content\/uploads\/2020\/06\/bruecken-1024x384.webp 1024w, https:\/\/oderbruchmuseum.de\/wp-content\/uploads\/2020\/06\/bruecken-768x288.webp 768w, https:\/\/oderbruchmuseum.de\/wp-content\/uploads\/2020\/06\/bruecken-1536x576.webp 1536w, https:\/\/oderbruchmuseum.de\/wp-content\/uploads\/2020\/06\/bruecken-18x7.webp 18w\" sizes=\"auto, (max-width: 1600px) 100vw, 1600px\" \/><span aria-hidden=\"true\" class=\"wp-block-cover__background has-background-dim-0 has-background-dim\" style=\"background-color:#aea999\"><\/span><div class=\"wp-block-cover__inner-container is-layout-flow wp-block-cover-is-layout-flow\">\n<p class=\"has-text-align-center has-large-font-size\"><\/p>\n\n\n<div class=\"wp-block-image weiter_button\">\n<figure class=\"alignleft size-large\"><a href=\"https:\/\/oderbruchmuseum.de\/en\/herrenzimmer\/\"><img loading=\"lazy\" decoding=\"async\" width=\"32\" height=\"32\" data-attachment-id=\"3656\" data-permalink=\"https:\/\/oderbruchmuseum.de\/en\/das-oderbruch-gespinst\/links\/\" data-orig-file=\"https:\/\/oderbruchmuseum.de\/wp-content\/uploads\/2020\/06\/links.svg\" data-orig-size=\"32,32\" data-comments-opened=\"0\" data-image-meta=\"[]\" data-image-title=\"links\" data-image-description=\"\" data-image-caption=\"\" data-large-file=\"https:\/\/oderbruchmuseum.de\/wp-content\/uploads\/2020\/06\/links.svg\" src=\"https:\/\/oderbruchmuseum.de\/wp-content\/uploads\/2020\/06\/links.svg\" alt=\"\" class=\"wp-image-3656\"\/><\/a><\/figure>\n<\/div>\n\n<div class=\"wp-block-image weiter_button\">\n<figure class=\"alignright size-large\"><a href=\"https:\/\/oderbruchmuseum.de\/en\/kueche\/\"><img loading=\"lazy\" decoding=\"async\" width=\"32\" height=\"32\" data-attachment-id=\"3657\" data-permalink=\"https:\/\/oderbruchmuseum.de\/en\/das-oderbruch-gespinst\/rechts\/\" data-orig-file=\"https:\/\/oderbruchmuseum.de\/wp-content\/uploads\/2020\/06\/rechts.svg\" data-orig-size=\"32,32\" data-comments-opened=\"0\" data-image-meta=\"[]\" data-image-title=\"rechts\" data-image-description=\"\" data-image-caption=\"\" data-large-file=\"https:\/\/oderbruchmuseum.de\/wp-content\/uploads\/2020\/06\/rechts.svg\" src=\"https:\/\/oderbruchmuseum.de\/wp-content\/uploads\/2020\/06\/rechts.svg\" alt=\"\" class=\"wp-image-3657\"\/><\/a><\/figure>\n<\/div>\n\n\n<p><\/p>\n<\/div><\/div>\n\n\n\n<div style=\"height:30px\" aria-hidden=\"true\" class=\"wp-block-spacer\"><\/div>\n\n\n\n<h2 class=\"wp-block-heading\">Over bridges. German-Polish neighborhoods. A photo reportage by Holger Herschel and J\u00fcrgen Danyel<\/h2>\n\n\n\n<p>Over the next few weeks, we will be presenting the photo reportage \u201e\u00dcber Br\u00fccken. German-Polish Neighborhoods\u201c with black and white photographs by Holger Herschel and texts by J\u00fcrgen Danyel. Last year, they were out and about on the bridges over the Oder between Hohenwutzen and Frankfurt (Oder) and talked to people on these bridges. The reportage was produced in cooperation with the cultural heritage site Europabr\u00fccke Neur\u00fcdnitz-Siekierki.<\/p>\n\n\n\n<p><\/p>\n\n\n\n<h3 class=\"wp-block-heading\"><strong>Changing art exhibitions with reference to the Oderbruch region<\/strong><\/h3>\n\n\n\n<p>With the 2024 season, we would like to make the Bildersalon available to individual artists for staff exhibitions lasting several weeks that relate to the work of the Oderbruch Museum in terms of content. A maximum of three exhibitions per season can be presented. It is now possible to apply until the end of October 2023 for an exhibition in the Bildersalon in the 2024 season.<\/p>\n\n\n\n<p>Further information with the application modalities and on the spatial-technical details can be found here.<\/p>\n\n\n\n<p><a href=\"https:\/\/oderbruchmuseum.de\/wp-content\/uploads\/2023\/05\/Der-Bildersalon-im-Oderbruchmuseum.pdf\" target=\"_blank\" rel=\"noreferrer noopener\">&gt;&gt; The picture salon in the Oderbruchmuseum.pdf<\/a><\/p>\n\n\n\n<div style=\"height:30px\" aria-hidden=\"true\" class=\"wp-block-spacer\"><\/div>\n\n\n\n<hr class=\"wp-block-separator has-text-color has-primary-color has-alpha-channel-opacity has-primary-background-color has-background is-style-wide hr3\"\/>\n\n\n\n<hr class=\"wp-block-separator has-text-color has-primary-color has-alpha-channel-opacity has-primary-background-color has-background is-style-wide hr3\"\/>\n\n\n\n<hr class=\"wp-block-separator has-text-color has-primary-color has-alpha-channel-opacity has-primary-background-color has-background is-style-wide hr3\"\/>\n\n\n\n<div style=\"height:20px\" aria-hidden=\"true\" class=\"wp-block-spacer\"><\/div>\n\n\n\n<h2 class=\"wp-block-heading\" style=\"font-size:2em\">Room Archive<\/h2>\n\n\n\n<figure class=\"wp-block-image size-large\"><img decoding=\"async\" src=\"https:\/\/oderbruchmuseum.de\/wp-content\/uploads\/2020\/06\/postkartenausbliesdorf-1024x384-Kopie.webp\" alt=\"\"\/><\/figure>\n\n\n\n<h2 class=\"wp-block-heading\">The river in the sky. Landscapes by Petra Schramm<\/h2>\n\n\n\n<p>We are showing new paintings by Petra Schramm in the Picture Salon at Altranft Castle. She has been traveling on both sides of the Oder and is now presenting her latest works under the title \u201eIn the Sky of the River - Landscapes\u201c in keeping with the theme of NEIGHBORHOOD. In addition to the oil paintings, there are also drypoint etchings.<\/p>\n\n\n\n<div class=\"wp-block-group\"><div class=\"wp-block-group__inner-container is-layout-constrained wp-block-group-is-layout-constrained\">\n<div style=\"height:50px\" aria-hidden=\"true\" class=\"wp-block-spacer\"><\/div>\n\n\n\n<div style=\"height:50px\" aria-hidden=\"true\" class=\"wp-block-spacer\"><\/div>\n\n\n\n<hr class=\"wp-block-separator has-alpha-channel-opacity is-style-wide\"\/>\n\n\n\n<div style=\"height:50px\" aria-hidden=\"true\" class=\"wp-block-spacer\"><\/div>\n<\/div><\/div>\n\n\n\n<figure class=\"wp-block-image size-large\"><img loading=\"lazy\" decoding=\"async\" width=\"1024\" height=\"384\" data-attachment-id=\"14682\" data-permalink=\"https:\/\/oderbruchmuseum.de\/en\/bildersalon\/filz\/\" data-orig-file=\"https:\/\/oderbruchmuseum.de\/wp-content\/uploads\/2020\/06\/filz.webp\" data-orig-size=\"1600,600\" data-comments-opened=\"0\" data-image-meta=\"{&quot;aperture&quot;:&quot;0&quot;,&quot;credit&quot;:&quot;&quot;,&quot;camera&quot;:&quot;&quot;,&quot;caption&quot;:&quot;&quot;,&quot;created_timestamp&quot;:&quot;0&quot;,&quot;copyright&quot;:&quot;&quot;,&quot;focal_length&quot;:&quot;0&quot;,&quot;iso&quot;:&quot;0&quot;,&quot;shutter_speed&quot;:&quot;0&quot;,&quot;title&quot;:&quot;&quot;,&quot;orientation&quot;:&quot;0&quot;}\" data-image-title=\"filz\" data-image-description=\"\" data-image-caption=\"\" data-large-file=\"https:\/\/oderbruchmuseum.de\/wp-content\/uploads\/2020\/06\/filz-1024x384.webp\" src=\"https:\/\/oderbruchmuseum.de\/wp-content\/uploads\/2020\/06\/filz-1024x384.webp\" alt=\"\" class=\"wp-image-14682\" srcset=\"https:\/\/oderbruchmuseum.de\/wp-content\/uploads\/2020\/06\/filz-1024x384.webp 1024w, https:\/\/oderbruchmuseum.de\/wp-content\/uploads\/2020\/06\/filz-300x113.webp 300w, https:\/\/oderbruchmuseum.de\/wp-content\/uploads\/2020\/06\/filz-768x288.webp 768w, https:\/\/oderbruchmuseum.de\/wp-content\/uploads\/2020\/06\/filz-1536x576.webp 1536w, https:\/\/oderbruchmuseum.de\/wp-content\/uploads\/2020\/06\/filz-18x7.webp 18w, https:\/\/oderbruchmuseum.de\/wp-content\/uploads\/2020\/06\/filz.webp 1600w\" sizes=\"auto, (max-width: 1024px) 100vw, 1024px\" \/><\/figure>\n\n\n\n<div class=\"wp-block-group\"><div class=\"wp-block-group__inner-container is-layout-constrained wp-block-group-is-layout-constrained\">\n<h2 class=\"wp-block-heading\"><strong>M\u00c4ANDER - An exhibition by Kata Adamek<\/strong><\/h2>\n\n\n\n<p>The exhibition \"Meander\" by the artist Kata Adamek, who was born in Opole on the Odra, is currently on display.<br>The wool works selected for the show at the Oderbruchmuseum tell a partly autobiographical story, some of which revolve around the theme of water.  They tell of her connection with the River Oder and other rivers where she lives or has lived. When she thinks about these rivers, she thinks about the power they give her, other people, animals and plants. How ancient and generous they are. Equally ancient is the technique - felting - with which she has created large-format wall sculptures\/objects.<\/p>\n<\/div><\/div>\n\n\n\n<div class=\"wp-block-group\"><div class=\"wp-block-group__inner-container is-layout-constrained wp-block-group-is-layout-constrained\">\n<div style=\"height:50px\" aria-hidden=\"true\" class=\"wp-block-spacer\"><\/div>\n\n\n\n<div style=\"height:50px\" aria-hidden=\"true\" class=\"wp-block-spacer\"><\/div>\n\n\n\n<hr class=\"wp-block-separator has-alpha-channel-opacity is-style-wide\"\/>\n\n\n\n<div style=\"height:50px\" aria-hidden=\"true\" class=\"wp-block-spacer\"><\/div>\n<\/div><\/div>\n\n\n\n<figure class=\"wp-block-image size-large\"><img loading=\"lazy\" decoding=\"async\" width=\"1024\" height=\"384\" data-attachment-id=\"14482\" data-permalink=\"https:\/\/oderbruchmuseum.de\/en\/bildersalon\/postkartenausbliesdorf\/\" data-orig-file=\"https:\/\/oderbruchmuseum.de\/wp-content\/uploads\/2020\/06\/postkartenausbliesdorf.webp\" data-orig-size=\"1600,600\" data-comments-opened=\"0\" data-image-meta=\"{&quot;aperture&quot;:&quot;0&quot;,&quot;credit&quot;:&quot;&quot;,&quot;camera&quot;:&quot;&quot;,&quot;caption&quot;:&quot;&quot;,&quot;created_timestamp&quot;:&quot;0&quot;,&quot;copyright&quot;:&quot;&quot;,&quot;focal_length&quot;:&quot;0&quot;,&quot;iso&quot;:&quot;0&quot;,&quot;shutter_speed&quot;:&quot;0&quot;,&quot;title&quot;:&quot;&quot;,&quot;orientation&quot;:&quot;0&quot;}\" data-image-title=\"postkartenausbliesdorf\" data-image-description=\"\" data-image-caption=\"\" data-large-file=\"https:\/\/oderbruchmuseum.de\/wp-content\/uploads\/2020\/06\/postkartenausbliesdorf-1024x384.webp\" src=\"https:\/\/oderbruchmuseum.de\/wp-content\/uploads\/2020\/06\/postkartenausbliesdorf-1024x384.webp\" alt=\"\" class=\"wp-image-14482\" srcset=\"https:\/\/oderbruchmuseum.de\/wp-content\/uploads\/2020\/06\/postkartenausbliesdorf-1024x384.webp 1024w, https:\/\/oderbruchmuseum.de\/wp-content\/uploads\/2020\/06\/postkartenausbliesdorf-300x113.webp 300w, https:\/\/oderbruchmuseum.de\/wp-content\/uploads\/2020\/06\/postkartenausbliesdorf-768x288.webp 768w, https:\/\/oderbruchmuseum.de\/wp-content\/uploads\/2020\/06\/postkartenausbliesdorf-1536x576.webp 1536w, https:\/\/oderbruchmuseum.de\/wp-content\/uploads\/2020\/06\/postkartenausbliesdorf-18x7.webp 18w, https:\/\/oderbruchmuseum.de\/wp-content\/uploads\/2020\/06\/postkartenausbliesdorf.webp 1600w\" sizes=\"auto, (max-width: 1024px) 100vw, 1024px\" \/><\/figure>\n\n\n\n<div class=\"wp-block-group\"><div class=\"wp-block-group__inner-container is-layout-constrained wp-block-group-is-layout-constrained\">\n<h2 class=\"wp-block-heading\"><strong>Oderbruch greetings - watercolors by children from Bliesdorf<\/strong><\/h2>\n\n\n\n<p>Last year, children from Bliesdorf painted Oderbruch postcards with bright watercolors during a mobile workshop of the Oderbruch Museum in the Heimatstube Bliesdorf. The exhibition \"Oderbruchgr\u00fc\u00dfe\" (Oderbruch greetings) now shows the originals in the picture salon. The 19 drawings can be seen until the end of June.<\/p>\n\n\n\n<p class=\"has-small-font-size\"><\/p>\n<\/div><\/div>\n\n\n\n<div class=\"wp-block-group\"><div class=\"wp-block-group__inner-container is-layout-constrained wp-block-group-is-layout-constrained\">\n<div style=\"height:50px\" aria-hidden=\"true\" class=\"wp-block-spacer\"><\/div>\n\n\n\n<div style=\"height:50px\" aria-hidden=\"true\" class=\"wp-block-spacer\"><\/div>\n\n\n\n<hr class=\"wp-block-separator has-alpha-channel-opacity is-style-wide\"\/>\n\n\n\n<div style=\"height:50px\" aria-hidden=\"true\" class=\"wp-block-spacer\"><\/div>\n<\/div><\/div>\n\n\n\n<div class=\"wp-block-group\"><div class=\"wp-block-group__inner-container is-layout-constrained wp-block-group-is-layout-constrained\">\n<figure class=\"wp-block-image size-large\"><img loading=\"lazy\" decoding=\"async\" width=\"1024\" height=\"384\" data-attachment-id=\"14347\" data-permalink=\"https:\/\/oderbruchmuseum.de\/en\/bildersalon\/b-salon-2\/\" data-orig-file=\"https:\/\/oderbruchmuseum.de\/wp-content\/uploads\/2020\/06\/B-SALON.webp\" data-orig-size=\"1600,600\" data-comments-opened=\"0\" data-image-meta=\"{&quot;aperture&quot;:&quot;0&quot;,&quot;credit&quot;:&quot;&quot;,&quot;camera&quot;:&quot;&quot;,&quot;caption&quot;:&quot;&quot;,&quot;created_timestamp&quot;:&quot;0&quot;,&quot;copyright&quot;:&quot;&quot;,&quot;focal_length&quot;:&quot;0&quot;,&quot;iso&quot;:&quot;0&quot;,&quot;shutter_speed&quot;:&quot;0&quot;,&quot;title&quot;:&quot;&quot;,&quot;orientation&quot;:&quot;0&quot;}\" data-image-title=\"B-SALON\" data-image-description=\"\" data-image-caption=\"\" data-large-file=\"https:\/\/oderbruchmuseum.de\/wp-content\/uploads\/2020\/06\/B-SALON-1024x384.webp\" src=\"https:\/\/oderbruchmuseum.de\/wp-content\/uploads\/2020\/06\/B-SALON-1024x384.webp\" alt=\"Ansicht Ausstellung\" class=\"wp-image-14347\" srcset=\"https:\/\/oderbruchmuseum.de\/wp-content\/uploads\/2020\/06\/B-SALON-1024x384.webp 1024w, https:\/\/oderbruchmuseum.de\/wp-content\/uploads\/2020\/06\/B-SALON-300x113.webp 300w, https:\/\/oderbruchmuseum.de\/wp-content\/uploads\/2020\/06\/B-SALON-768x288.webp 768w, https:\/\/oderbruchmuseum.de\/wp-content\/uploads\/2020\/06\/B-SALON-1536x576.webp 1536w, https:\/\/oderbruchmuseum.de\/wp-content\/uploads\/2020\/06\/B-SALON-18x7.webp 18w, https:\/\/oderbruchmuseum.de\/wp-content\/uploads\/2020\/06\/B-SALON.webp 1600w\" sizes=\"auto, (max-width: 1024px) 100vw, 1024px\" \/><\/figure>\n\n\n\n<h2 class=\"wp-block-heading\">2025 \"Hot off the press: Small churches in the Oderbruch\" - An exhibition with money prints by Heike Pander<\/h2>\n\n\n\n<p>Until the end of April, a series of gel prints of small village churches on both sides of the Oder can be seen in the picture salon. On her forays through the Oderbruch region, ethnologist and artist Heike Pander came across small village churches in many of the villages, whose architectural features quickly aroused her interest. The 30 or so prints were created on the basis of black and white photographs.<\/p>\n\n\n\n<p class=\"has-small-font-size\"><em>Photo M.Anchor<\/em><\/p>\n<\/div><\/div>\n\n\n\n<div class=\"wp-block-group\"><div class=\"wp-block-group__inner-container is-layout-constrained wp-block-group-is-layout-constrained\">\n<div style=\"height:50px\" aria-hidden=\"true\" class=\"wp-block-spacer\"><\/div>\n\n\n\n<div style=\"height:50px\" aria-hidden=\"true\" class=\"wp-block-spacer\"><\/div>\n\n\n\n<hr class=\"wp-block-separator has-alpha-channel-opacity is-style-wide\"\/>\n\n\n\n<div style=\"height:50px\" aria-hidden=\"true\" class=\"wp-block-spacer\"><\/div>\n<\/div><\/div>\n\n\n\n<figure class=\"wp-block-image size-large\"><img loading=\"lazy\" decoding=\"async\" width=\"1024\" height=\"384\" data-attachment-id=\"13753\" data-permalink=\"https:\/\/oderbruchmuseum.de\/en\/bildersalon\/slider_01-kopie\/\" data-orig-file=\"https:\/\/oderbruchmuseum.de\/wp-content\/uploads\/2020\/06\/slider_01-Kopie.webp\" data-orig-size=\"1600,600\" data-comments-opened=\"0\" data-image-meta=\"{&quot;aperture&quot;:&quot;0&quot;,&quot;credit&quot;:&quot;&quot;,&quot;camera&quot;:&quot;&quot;,&quot;caption&quot;:&quot;&quot;,&quot;created_timestamp&quot;:&quot;0&quot;,&quot;copyright&quot;:&quot;&quot;,&quot;focal_length&quot;:&quot;0&quot;,&quot;iso&quot;:&quot;0&quot;,&quot;shutter_speed&quot;:&quot;0&quot;,&quot;title&quot;:&quot;&quot;,&quot;orientation&quot;:&quot;0&quot;}\" data-image-title=\"slider_01 Kopie\" data-image-description=\"\" data-image-caption=\"&lt;p&gt;Foto Holger Herschel&lt;\/p&gt;\" data-large-file=\"https:\/\/oderbruchmuseum.de\/wp-content\/uploads\/2020\/06\/slider_01-Kopie-1024x384.webp\" src=\"https:\/\/oderbruchmuseum.de\/wp-content\/uploads\/2020\/06\/slider_01-Kopie-1024x384.webp\" alt=\"Fotoausstellung Holger Herschel\" class=\"wp-image-13753\" srcset=\"https:\/\/oderbruchmuseum.de\/wp-content\/uploads\/2020\/06\/slider_01-Kopie-1024x384.webp 1024w, https:\/\/oderbruchmuseum.de\/wp-content\/uploads\/2020\/06\/slider_01-Kopie-300x113.webp 300w, https:\/\/oderbruchmuseum.de\/wp-content\/uploads\/2020\/06\/slider_01-Kopie-768x288.webp 768w, https:\/\/oderbruchmuseum.de\/wp-content\/uploads\/2020\/06\/slider_01-Kopie-1536x576.webp 1536w, https:\/\/oderbruchmuseum.de\/wp-content\/uploads\/2020\/06\/slider_01-Kopie-18x7.webp 18w, https:\/\/oderbruchmuseum.de\/wp-content\/uploads\/2020\/06\/slider_01-Kopie.webp 1600w\" sizes=\"auto, (max-width: 1024px) 100vw, 1024px\" \/><figcaption class=\"wp-element-caption\">Photo Holger Herschel<\/figcaption><\/figure>\n\n\n\n<h2 class=\"wp-block-heading\">2024 Photo exhibition \"LEERSTAND\" by Holger Herschel<\/h2>\n\n\n\n<p>Large-format photographs by Holger Herschel of the old lock stairs at the Niederfinow ship lift were on display under the title \"LEERSTAND\". The analog black-and-white photographs were taken more than twenty years ago and slumbered as negatives in the photographer's archive. At that time, the lock stairs had not been in operation for thirty years.<\/p>\n\n\n\n<p class=\"has-small-font-size\"><\/p>\n\n\n\n<div class=\"wp-block-group\"><div class=\"wp-block-group__inner-container is-layout-constrained wp-block-group-is-layout-constrained\">\n<div style=\"height:50px\" aria-hidden=\"true\" class=\"wp-block-spacer\"><\/div>\n\n\n\n<div style=\"height:50px\" aria-hidden=\"true\" class=\"wp-block-spacer\"><\/div>\n\n\n\n<hr class=\"wp-block-separator has-alpha-channel-opacity is-style-wide\"\/>\n\n\n\n<div style=\"height:50px\" aria-hidden=\"true\" class=\"wp-block-spacer\"><\/div>\n<\/div><\/div>\n\n\n\n<figure class=\"wp-block-image size-large\"><img loading=\"lazy\" decoding=\"async\" width=\"1024\" height=\"384\" data-attachment-id=\"13621\" data-permalink=\"https:\/\/oderbruchmuseum.de\/en\/raeume-und-ausstellungen\/bildersalon-3\/\" data-orig-file=\"https:\/\/oderbruchmuseum.de\/wp-content\/uploads\/2024\/06\/bildersalon.webp\" data-orig-size=\"1600,600\" data-comments-opened=\"0\" data-image-meta=\"{&quot;aperture&quot;:&quot;0&quot;,&quot;credit&quot;:&quot;&quot;,&quot;camera&quot;:&quot;&quot;,&quot;caption&quot;:&quot;&quot;,&quot;created_timestamp&quot;:&quot;0&quot;,&quot;copyright&quot;:&quot;&quot;,&quot;focal_length&quot;:&quot;0&quot;,&quot;iso&quot;:&quot;0&quot;,&quot;shutter_speed&quot;:&quot;0&quot;,&quot;title&quot;:&quot;&quot;,&quot;orientation&quot;:&quot;0&quot;}\" data-image-title=\"bildersalon\" data-image-description=\"\" data-image-caption=\"\" data-large-file=\"https:\/\/oderbruchmuseum.de\/wp-content\/uploads\/2024\/06\/bildersalon-1024x384.webp\" src=\"https:\/\/oderbruchmuseum.de\/wp-content\/uploads\/2024\/06\/bildersalon-1024x384.webp\" alt=\"\" class=\"wp-image-13621\" srcset=\"https:\/\/oderbruchmuseum.de\/wp-content\/uploads\/2024\/06\/bildersalon-1024x384.webp 1024w, https:\/\/oderbruchmuseum.de\/wp-content\/uploads\/2024\/06\/bildersalon-300x113.webp 300w, https:\/\/oderbruchmuseum.de\/wp-content\/uploads\/2024\/06\/bildersalon-768x288.webp 768w, https:\/\/oderbruchmuseum.de\/wp-content\/uploads\/2024\/06\/bildersalon-1536x576.webp 1536w, https:\/\/oderbruchmuseum.de\/wp-content\/uploads\/2024\/06\/bildersalon-18x7.webp 18w, https:\/\/oderbruchmuseum.de\/wp-content\/uploads\/2024\/06\/bildersalon.webp 1600w\" sizes=\"auto, (max-width: 1024px) 100vw, 1024px\" \/><\/figure>\n\n\n\n<h2 class=\"wp-block-heading\">2024 Exhibition \"Thorns and Roses\" by Doroth\u00e9e Irene M\u00fcller<\/h2>\n\n\n\n<p>Eight pictures by the painter and graphic artist Doroth\u00e9e Irene M\u00fcller. An examination of suffering and joy in the mirror of religious places in the Oderbruch.<\/p>\n\n\n\n<div class=\"wp-block-group\"><div class=\"wp-block-group__inner-container is-layout-constrained wp-block-group-is-layout-constrained\">\n<div style=\"height:50px\" aria-hidden=\"true\" class=\"wp-block-spacer\"><\/div>\n\n\n\n<hr class=\"wp-block-separator has-alpha-channel-opacity is-style-wide\"\/>\n\n\n\n<div style=\"height:50px\" aria-hidden=\"true\" class=\"wp-block-spacer\"><\/div>\n<\/div><\/div>\n\n\n\n<figure class=\"wp-block-image size-large\"><img loading=\"lazy\" decoding=\"async\" width=\"1024\" height=\"384\" data-attachment-id=\"13278\" data-permalink=\"https:\/\/oderbruchmuseum.de\/en\/bildersalon\/bildersalon-2\/\" data-orig-file=\"https:\/\/oderbruchmuseum.de\/wp-content\/uploads\/2020\/06\/bildersalon.webp\" data-orig-size=\"1600,600\" data-comments-opened=\"0\" data-image-meta=\"{&quot;aperture&quot;:&quot;0&quot;,&quot;credit&quot;:&quot;&quot;,&quot;camera&quot;:&quot;&quot;,&quot;caption&quot;:&quot;&quot;,&quot;created_timestamp&quot;:&quot;0&quot;,&quot;copyright&quot;:&quot;&quot;,&quot;focal_length&quot;:&quot;0&quot;,&quot;iso&quot;:&quot;0&quot;,&quot;shutter_speed&quot;:&quot;0&quot;,&quot;title&quot;:&quot;&quot;,&quot;orientation&quot;:&quot;0&quot;}\" data-image-title=\"bildersalon\" data-image-description=\"\" data-image-caption=\"\" data-large-file=\"https:\/\/oderbruchmuseum.de\/wp-content\/uploads\/2020\/06\/bildersalon-1024x384.webp\" src=\"https:\/\/oderbruchmuseum.de\/wp-content\/uploads\/2020\/06\/bildersalon-1024x384.webp\" alt=\"\u201eOderbruch-Aquarelle\u201c von Martina Dost\" class=\"wp-image-13278\" srcset=\"https:\/\/oderbruchmuseum.de\/wp-content\/uploads\/2020\/06\/bildersalon-1024x384.webp 1024w, https:\/\/oderbruchmuseum.de\/wp-content\/uploads\/2020\/06\/bildersalon-300x113.webp 300w, https:\/\/oderbruchmuseum.de\/wp-content\/uploads\/2020\/06\/bildersalon-768x288.webp 768w, https:\/\/oderbruchmuseum.de\/wp-content\/uploads\/2020\/06\/bildersalon-1536x576.webp 1536w, https:\/\/oderbruchmuseum.de\/wp-content\/uploads\/2020\/06\/bildersalon-18x7.webp 18w, https:\/\/oderbruchmuseum.de\/wp-content\/uploads\/2020\/06\/bildersalon.webp 1600w\" sizes=\"auto, (max-width: 1024px) 100vw, 1024px\" \/><\/figure>\n\n\n\n<h2 class=\"wp-block-heading\">Exhibition 2024 Martina Dost<\/h2>\n\n\n\n<p>\"Oderbruch watercolors\" by Martina Dost.<\/p>\n\n\n\n<div class=\"wp-block-group\"><div class=\"wp-block-group__inner-container is-layout-constrained wp-block-group-is-layout-constrained\">\n<div style=\"height:50px\" aria-hidden=\"true\" class=\"wp-block-spacer\"><\/div>\n\n\n\n<hr class=\"wp-block-separator has-alpha-channel-opacity is-style-wide\"\/>\n\n\n\n<div style=\"height:50px\" aria-hidden=\"true\" class=\"wp-block-spacer\"><\/div>\n<\/div><\/div>\n\n\n\n<figure class=\"wp-block-image size-large\"><img loading=\"lazy\" decoding=\"async\" width=\"1024\" height=\"384\" data-attachment-id=\"12100\" data-permalink=\"https:\/\/oderbruchmuseum.de\/en\/bildersalon\/webseite_schick_fotolarsfischer-2\/\" data-orig-file=\"https:\/\/oderbruchmuseum.de\/wp-content\/uploads\/2020\/06\/Webseite_Schick_FotoLarsFischer.jpg\" data-orig-size=\"1600,600\" data-comments-opened=\"0\" data-image-meta=\"{&quot;aperture&quot;:&quot;0&quot;,&quot;credit&quot;:&quot;&quot;,&quot;camera&quot;:&quot;&quot;,&quot;caption&quot;:&quot;&quot;,&quot;created_timestamp&quot;:&quot;0&quot;,&quot;copyright&quot;:&quot;&quot;,&quot;focal_length&quot;:&quot;0&quot;,&quot;iso&quot;:&quot;0&quot;,&quot;shutter_speed&quot;:&quot;0&quot;,&quot;title&quot;:&quot;&quot;,&quot;orientation&quot;:&quot;0&quot;}\" data-image-title=\"Webseite_Schick_FotoLarsFischer\" data-image-description=\"\" data-image-caption=\"\" data-large-file=\"https:\/\/oderbruchmuseum.de\/wp-content\/uploads\/2020\/06\/Webseite_Schick_FotoLarsFischer-1024x384.jpg\" src=\"https:\/\/oderbruchmuseum.de\/wp-content\/uploads\/2020\/06\/Webseite_Schick_FotoLarsFischer-1024x384.jpg\" alt=\"Ansicht Fotoausstellung\" class=\"wp-image-12100\" srcset=\"https:\/\/oderbruchmuseum.de\/wp-content\/uploads\/2020\/06\/Webseite_Schick_FotoLarsFischer-1024x384.jpg 1024w, https:\/\/oderbruchmuseum.de\/wp-content\/uploads\/2020\/06\/Webseite_Schick_FotoLarsFischer-300x113.jpg 300w, https:\/\/oderbruchmuseum.de\/wp-content\/uploads\/2020\/06\/Webseite_Schick_FotoLarsFischer-768x288.jpg 768w, https:\/\/oderbruchmuseum.de\/wp-content\/uploads\/2020\/06\/Webseite_Schick_FotoLarsFischer-1536x576.jpg 1536w, https:\/\/oderbruchmuseum.de\/wp-content\/uploads\/2020\/06\/Webseite_Schick_FotoLarsFischer-18x7.jpg 18w, https:\/\/oderbruchmuseum.de\/wp-content\/uploads\/2020\/06\/Webseite_Schick_FotoLarsFischer.jpg 1600w\" sizes=\"auto, (max-width: 1024px) 100vw, 1024px\" \/><\/figure>\n\n\n\n<div class=\"wp-block-group\"><div class=\"wp-block-group__inner-container is-layout-constrained wp-block-group-is-layout-constrained\">\n<h3 class=\"wp-block-heading\">Exhibition 2023 Stefan Schick<\/h3>\n\n\n\n<p>Simultaneities - Portraits of young people from the Oderbruch region in 2011 by Stefan Schick. The exhibition comprises 17 black and white photographs and a video<\/p>\n<\/div><\/div>\n\n\n\n<div class=\"wp-block-group\"><div class=\"wp-block-group__inner-container is-layout-constrained wp-block-group-is-layout-constrained\">\n<div style=\"height:50px\" aria-hidden=\"true\" class=\"wp-block-spacer\"><\/div>\n\n\n\n<hr class=\"wp-block-separator has-alpha-channel-opacity is-style-wide\"\/>\n\n\n\n<div style=\"height:50px\" aria-hidden=\"true\" class=\"wp-block-spacer\"><\/div>\n<\/div><\/div>\n\n\n\n<figure class=\"wp-block-gallery has-nested-images columns-default is-cropped wp-block-gallery-1 is-layout-flex wp-block-gallery-is-layout-flex\">\n<figure class=\"wp-block-image size-post-thumbnail\"><img loading=\"lazy\" decoding=\"async\" width=\"800\" height=\"500\" data-attachment-id=\"12105\" data-permalink=\"https:\/\/oderbruchmuseum.de\/en\/bildersalon\/steinkopf_1_fotolf\/\" data-orig-file=\"https:\/\/oderbruchmuseum.de\/wp-content\/uploads\/2023\/09\/Steinkopf_1_FotoLF.jpg\" data-orig-size=\"800,533\" data-comments-opened=\"0\" data-image-meta=\"{&quot;aperture&quot;:&quot;0&quot;,&quot;credit&quot;:&quot;&quot;,&quot;camera&quot;:&quot;&quot;,&quot;caption&quot;:&quot;&quot;,&quot;created_timestamp&quot;:&quot;0&quot;,&quot;copyright&quot;:&quot;&quot;,&quot;focal_length&quot;:&quot;0&quot;,&quot;iso&quot;:&quot;0&quot;,&quot;shutter_speed&quot;:&quot;0&quot;,&quot;title&quot;:&quot;&quot;,&quot;orientation&quot;:&quot;0&quot;}\" data-image-title=\"Steinkopf_1_FotoLF\" data-image-description=\"\" data-image-caption=\"\" data-large-file=\"https:\/\/oderbruchmuseum.de\/wp-content\/uploads\/2023\/09\/Steinkopf_1_FotoLF.jpg\" data-id=\"12105\" src=\"https:\/\/oderbruchmuseum.de\/wp-content\/uploads\/2023\/09\/Steinkopf_1_FotoLF-800x500.jpg\" alt=\"\" class=\"wp-image-12105\" srcset=\"https:\/\/oderbruchmuseum.de\/wp-content\/uploads\/2023\/09\/Steinkopf_1_FotoLF-800x500.jpg 800w, https:\/\/oderbruchmuseum.de\/wp-content\/uploads\/2023\/09\/Steinkopf_1_FotoLF-18x12.jpg 18w\" sizes=\"auto, (max-width: 800px) 100vw, 800px\" \/><\/figure>\n\n\n\n<figure class=\"wp-block-image size-post-thumbnail\"><img loading=\"lazy\" decoding=\"async\" width=\"800\" height=\"500\" data-attachment-id=\"12580\" data-permalink=\"https:\/\/oderbruchmuseum.de\/en\/bildersalon\/steinkopf_manhattan_2023_detail_fotostefaniesteinkopf\/\" data-orig-file=\"https:\/\/oderbruchmuseum.de\/wp-content\/uploads\/2020\/06\/Steinkopf_Manhattan_2023_detail_FotoStefanieSteinkopf.jpg\" data-orig-size=\"800,800\" data-comments-opened=\"0\" data-image-meta=\"{&quot;aperture&quot;:&quot;0&quot;,&quot;credit&quot;:&quot;&quot;,&quot;camera&quot;:&quot;&quot;,&quot;caption&quot;:&quot;&quot;,&quot;created_timestamp&quot;:&quot;0&quot;,&quot;copyright&quot;:&quot;&quot;,&quot;focal_length&quot;:&quot;0&quot;,&quot;iso&quot;:&quot;0&quot;,&quot;shutter_speed&quot;:&quot;0&quot;,&quot;title&quot;:&quot;&quot;,&quot;orientation&quot;:&quot;0&quot;}\" data-image-title=\"Steinkopf_Manhattan_2023_detail_FotoStefanieSteinkopf\" data-image-description=\"\" data-image-caption=\"\" data-large-file=\"https:\/\/oderbruchmuseum.de\/wp-content\/uploads\/2020\/06\/Steinkopf_Manhattan_2023_detail_FotoStefanieSteinkopf.jpg\" data-id=\"12580\" src=\"https:\/\/oderbruchmuseum.de\/wp-content\/uploads\/2020\/06\/Steinkopf_Manhattan_2023_detail_FotoStefanieSteinkopf-800x500.jpg\" alt=\"\" class=\"wp-image-12580\"\/><\/figure>\n\n\n\n<figure class=\"wp-block-image size-post-thumbnail\"><img loading=\"lazy\" decoding=\"async\" width=\"800\" height=\"500\" data-attachment-id=\"12106\" data-permalink=\"https:\/\/oderbruchmuseum.de\/en\/bildersalon\/mobil-im-juni-steinkopf_alex-schirmer-27\/\" data-orig-file=\"https:\/\/oderbruchmuseum.de\/wp-content\/uploads\/2023\/09\/Mobil-im-Juni-Steinkopf_alex-schirmer-27.jpg\" data-orig-size=\"800,533\" data-comments-opened=\"0\" data-image-meta=\"{&quot;aperture&quot;:&quot;0&quot;,&quot;credit&quot;:&quot;&quot;,&quot;camera&quot;:&quot;&quot;,&quot;caption&quot;:&quot;&quot;,&quot;created_timestamp&quot;:&quot;0&quot;,&quot;copyright&quot;:&quot;&quot;,&quot;focal_length&quot;:&quot;0&quot;,&quot;iso&quot;:&quot;0&quot;,&quot;shutter_speed&quot;:&quot;0&quot;,&quot;title&quot;:&quot;&quot;,&quot;orientation&quot;:&quot;0&quot;}\" data-image-title=\"Mobil-im-Juni-Steinkopf_alex-schirmer-27\" data-image-description=\"\" data-image-caption=\"\" data-large-file=\"https:\/\/oderbruchmuseum.de\/wp-content\/uploads\/2023\/09\/Mobil-im-Juni-Steinkopf_alex-schirmer-27.jpg\" data-id=\"12106\" src=\"https:\/\/oderbruchmuseum.de\/wp-content\/uploads\/2023\/09\/Mobil-im-Juni-Steinkopf_alex-schirmer-27-800x500.jpg\" alt=\"\" class=\"wp-image-12106\" srcset=\"https:\/\/oderbruchmuseum.de\/wp-content\/uploads\/2023\/09\/Mobil-im-Juni-Steinkopf_alex-schirmer-27-800x500.jpg 800w, https:\/\/oderbruchmuseum.de\/wp-content\/uploads\/2023\/09\/Mobil-im-Juni-Steinkopf_alex-schirmer-27-18x12.jpg 18w\" sizes=\"auto, (max-width: 800px) 100vw, 800px\" \/><\/figure>\n<\/figure>\n\n\n\n<h3 class=\"wp-block-heading\">Manhattan<\/h3>\n\n\n\n<p>Nine color photographs from the work Manhattan - Street of Youth by Stephanie Steinkopf, created in 2009 - 2012. Remarkable insights into the everyday life of people in the \"block\" on the outskirts of the municipality of Letschin.<\/p>\n\n\n\n<div class=\"wp-block-group\"><div class=\"wp-block-group__inner-container is-layout-constrained wp-block-group-is-layout-constrained\">\n<div style=\"height:50px\" aria-hidden=\"true\" class=\"wp-block-spacer\"><\/div>\n\n\n\n<hr class=\"wp-block-separator has-alpha-channel-opacity is-style-wide\"\/>\n\n\n\n<div style=\"height:50px\" aria-hidden=\"true\" class=\"wp-block-spacer\"><\/div>\n<\/div><\/div>\n\n\n\n<figure class=\"wp-block-gallery has-nested-images columns-default is-cropped wp-block-gallery-2 is-layout-flex wp-block-gallery-is-layout-flex\">\n<figure class=\"wp-block-image size-large\"><img loading=\"lazy\" decoding=\"async\" width=\"800\" height=\"533\" data-attachment-id=\"12103\" data-permalink=\"https:\/\/oderbruchmuseum.de\/en\/bildersalon\/maennel_web_2_fotoalexschirmer\/\" data-orig-file=\"https:\/\/oderbruchmuseum.de\/wp-content\/uploads\/2023\/09\/Maennel_Web_2_FotoAlexSchirmer.jpg\" data-orig-size=\"800,533\" data-comments-opened=\"0\" data-image-meta=\"{&quot;aperture&quot;:&quot;0&quot;,&quot;credit&quot;:&quot;&quot;,&quot;camera&quot;:&quot;&quot;,&quot;caption&quot;:&quot;&quot;,&quot;created_timestamp&quot;:&quot;0&quot;,&quot;copyright&quot;:&quot;&quot;,&quot;focal_length&quot;:&quot;0&quot;,&quot;iso&quot;:&quot;0&quot;,&quot;shutter_speed&quot;:&quot;0&quot;,&quot;title&quot;:&quot;&quot;,&quot;orientation&quot;:&quot;0&quot;}\" data-image-title=\"Maennel_Web_2_FotoAlexSchirmer\" data-image-description=\"\" data-image-caption=\"\" data-large-file=\"https:\/\/oderbruchmuseum.de\/wp-content\/uploads\/2023\/09\/Maennel_Web_2_FotoAlexSchirmer.jpg\" data-id=\"12103\" src=\"https:\/\/oderbruchmuseum.de\/wp-content\/uploads\/2023\/09\/Maennel_Web_2_FotoAlexSchirmer.jpg\" alt=\"\" class=\"wp-image-12103\" srcset=\"https:\/\/oderbruchmuseum.de\/wp-content\/uploads\/2023\/09\/Maennel_Web_2_FotoAlexSchirmer.jpg 800w, https:\/\/oderbruchmuseum.de\/wp-content\/uploads\/2023\/09\/Maennel_Web_2_FotoAlexSchirmer-300x200.jpg 300w, https:\/\/oderbruchmuseum.de\/wp-content\/uploads\/2023\/09\/Maennel_Web_2_FotoAlexSchirmer-768x512.jpg 768w, https:\/\/oderbruchmuseum.de\/wp-content\/uploads\/2023\/09\/Maennel_Web_2_FotoAlexSchirmer-18x12.jpg 18w\" sizes=\"auto, (max-width: 800px) 100vw, 800px\" \/><\/figure>\n\n\n\n<figure class=\"wp-block-image size-large\"><img loading=\"lazy\" decoding=\"async\" width=\"800\" height=\"533\" data-attachment-id=\"12104\" data-permalink=\"https:\/\/oderbruchmuseum.de\/en\/bildersalon\/maennel_web_fotoalexschirmer\/\" data-orig-file=\"https:\/\/oderbruchmuseum.de\/wp-content\/uploads\/2023\/09\/Maennel_Web_FotoAlexSchirmer.jpg\" data-orig-size=\"800,533\" data-comments-opened=\"0\" data-image-meta=\"{&quot;aperture&quot;:&quot;0&quot;,&quot;credit&quot;:&quot;&quot;,&quot;camera&quot;:&quot;&quot;,&quot;caption&quot;:&quot;&quot;,&quot;created_timestamp&quot;:&quot;0&quot;,&quot;copyright&quot;:&quot;&quot;,&quot;focal_length&quot;:&quot;0&quot;,&quot;iso&quot;:&quot;0&quot;,&quot;shutter_speed&quot;:&quot;0&quot;,&quot;title&quot;:&quot;&quot;,&quot;orientation&quot;:&quot;0&quot;}\" data-image-title=\"Maennel_Web_FotoAlexSchirmer\" data-image-description=\"\" data-image-caption=\"\" data-large-file=\"https:\/\/oderbruchmuseum.de\/wp-content\/uploads\/2023\/09\/Maennel_Web_FotoAlexSchirmer.jpg\" data-id=\"12104\" src=\"https:\/\/oderbruchmuseum.de\/wp-content\/uploads\/2023\/09\/Maennel_Web_FotoAlexSchirmer.jpg\" alt=\"\" class=\"wp-image-12104\" srcset=\"https:\/\/oderbruchmuseum.de\/wp-content\/uploads\/2023\/09\/Maennel_Web_FotoAlexSchirmer.jpg 800w, https:\/\/oderbruchmuseum.de\/wp-content\/uploads\/2023\/09\/Maennel_Web_FotoAlexSchirmer-300x200.jpg 300w, https:\/\/oderbruchmuseum.de\/wp-content\/uploads\/2023\/09\/Maennel_Web_FotoAlexSchirmer-768x512.jpg 768w, https:\/\/oderbruchmuseum.de\/wp-content\/uploads\/2023\/09\/Maennel_Web_FotoAlexSchirmer-18x12.jpg 18w\" sizes=\"auto, (max-width: 800px) 100vw, 800px\" \/><\/figure>\n<\/figure>\n\n\n\n<h3 class=\"wp-block-heading\">Soul pictures<\/h3>\n\n\n\n<p>The first exhibition in the newly designed picture salon was presented by Florian M\u00e4nnel. He showed drawn and painted portraits of young people under the title \"Seelenbilder\" (\"Images of the Soul\") supplemented by a series of self-portraits.<\/p>\n\n\n\n<div style=\"height:54px\" aria-hidden=\"true\" class=\"wp-block-spacer\"><\/div>\n\n\n\n<hr class=\"wp-block-separator has-alpha-channel-opacity is-style-wide\"\/>\n\n\n\n<div style=\"height:54px\" aria-hidden=\"true\" class=\"wp-block-spacer\"><\/div>\n\n\n\n<figure class=\"wp-block-gallery has-nested-images columns-default is-cropped wp-block-gallery-3 is-layout-flex wp-block-gallery-is-layout-flex\">\n<figure class=\"wp-block-image size-large\"><img loading=\"lazy\" decoding=\"async\" width=\"800\" height=\"450\" data-attachment-id=\"12578\" data-permalink=\"https:\/\/oderbruchmuseum.de\/en\/bildersalon\/landschaftsbilder_ha%cc%88ngung-links-2022_fotolf\/\" data-orig-file=\"https:\/\/oderbruchmuseum.de\/wp-content\/uploads\/2020\/06\/Landschaftsbilder_Haengung-Links-2022_FotoLF.jpg\" data-orig-size=\"800,450\" data-comments-opened=\"0\" data-image-meta=\"{&quot;aperture&quot;:&quot;0&quot;,&quot;credit&quot;:&quot;&quot;,&quot;camera&quot;:&quot;&quot;,&quot;caption&quot;:&quot;&quot;,&quot;created_timestamp&quot;:&quot;0&quot;,&quot;copyright&quot;:&quot;&quot;,&quot;focal_length&quot;:&quot;0&quot;,&quot;iso&quot;:&quot;0&quot;,&quot;shutter_speed&quot;:&quot;0&quot;,&quot;title&quot;:&quot;&quot;,&quot;orientation&quot;:&quot;0&quot;}\" data-image-title=\"Landschaftsbilder_Ha\u0308ngung-Links-2022_FotoLF\" data-image-description=\"\" data-image-caption=\"\" data-large-file=\"https:\/\/oderbruchmuseum.de\/wp-content\/uploads\/2020\/06\/Landschaftsbilder_Haengung-Links-2022_FotoLF.jpg\" data-id=\"12578\" src=\"https:\/\/oderbruchmuseum.de\/wp-content\/uploads\/2020\/06\/Landschaftsbilder_Haengung-Links-2022_FotoLF.jpg\" alt=\"\" class=\"wp-image-12578\" srcset=\"https:\/\/oderbruchmuseum.de\/wp-content\/uploads\/2020\/06\/Landschaftsbilder_Haengung-Links-2022_FotoLF.jpg 800w, https:\/\/oderbruchmuseum.de\/wp-content\/uploads\/2020\/06\/Landschaftsbilder_Haengung-Links-2022_FotoLF-300x169.jpg 300w, https:\/\/oderbruchmuseum.de\/wp-content\/uploads\/2020\/06\/Landschaftsbilder_Haengung-Links-2022_FotoLF-768x432.jpg 768w, https:\/\/oderbruchmuseum.de\/wp-content\/uploads\/2020\/06\/Landschaftsbilder_Haengung-Links-2022_FotoLF-18x10.jpg 18w\" sizes=\"auto, (max-width: 800px) 100vw, 800px\" \/><\/figure>\n\n\n\n<figure class=\"wp-block-image size-large\"><img loading=\"lazy\" decoding=\"async\" width=\"800\" height=\"450\" data-attachment-id=\"12579\" data-permalink=\"https:\/\/oderbruchmuseum.de\/en\/bildersalon\/landschaftsbilder_ha%cc%88ngung-rechts-2022_fotolf\/\" data-orig-file=\"https:\/\/oderbruchmuseum.de\/wp-content\/uploads\/2020\/06\/Landschaftsbilder_Haengung-rechts-2022_FotoLF.jpg\" data-orig-size=\"800,450\" data-comments-opened=\"0\" data-image-meta=\"{&quot;aperture&quot;:&quot;0&quot;,&quot;credit&quot;:&quot;&quot;,&quot;camera&quot;:&quot;&quot;,&quot;caption&quot;:&quot;&quot;,&quot;created_timestamp&quot;:&quot;0&quot;,&quot;copyright&quot;:&quot;&quot;,&quot;focal_length&quot;:&quot;0&quot;,&quot;iso&quot;:&quot;0&quot;,&quot;shutter_speed&quot;:&quot;0&quot;,&quot;title&quot;:&quot;&quot;,&quot;orientation&quot;:&quot;0&quot;}\" data-image-title=\"Landschaftsbilder_Ha\u0308ngung-rechts-2022_FotoLF\" data-image-description=\"\" data-image-caption=\"\" data-large-file=\"https:\/\/oderbruchmuseum.de\/wp-content\/uploads\/2020\/06\/Landschaftsbilder_Haengung-rechts-2022_FotoLF.jpg\" data-id=\"12579\" src=\"https:\/\/oderbruchmuseum.de\/wp-content\/uploads\/2020\/06\/Landschaftsbilder_Haengung-rechts-2022_FotoLF.jpg\" alt=\"\" class=\"wp-image-12579\" srcset=\"https:\/\/oderbruchmuseum.de\/wp-content\/uploads\/2020\/06\/Landschaftsbilder_Haengung-rechts-2022_FotoLF.jpg 800w, https:\/\/oderbruchmuseum.de\/wp-content\/uploads\/2020\/06\/Landschaftsbilder_Haengung-rechts-2022_FotoLF-300x169.jpg 300w, https:\/\/oderbruchmuseum.de\/wp-content\/uploads\/2020\/06\/Landschaftsbilder_Haengung-rechts-2022_FotoLF-768x432.jpg 768w, https:\/\/oderbruchmuseum.de\/wp-content\/uploads\/2020\/06\/Landschaftsbilder_Haengung-rechts-2022_FotoLF-18x10.jpg 18w\" sizes=\"auto, (max-width: 800px) 100vw, 800px\" \/><\/figure>\n<\/figure>\n\n\n\n<h3 class=\"wp-block-heading\"><strong>2019-2022 Picture salon<\/strong><\/h3>\n\n\n\n<p>Many visual artists live and work in the Oderbruch and many of them deal with the Oderbruch and its people. As a small insight into this diversity, the museum tried out a mixed picture salon over four years with works by:<\/p>\n\n\n\n<p>Axel Bauni, Uwe Behrens, Gunhild von Bl\u00fccher, G\u00fcnther Brendel, Manfred Haase, Waldemar Gewand, Judy Marie Guilford, Christine Hielscher, Renate Kohl, Helge Leiberg, Barbara Nagel, Sophie Natuschke, Gisela Neumann and Bettina M\u00e4nnel, Ingo Schrader, Christine M\u00fcller-Stosch, Sabine Rossa, Antje Scholz, Petra Schramm, Harald K. Schulze, Susanne St\u00fchr, Erika St\u00fcrmer-Alex, Gunar Slezewski, Elizabeth Pankhurst, Heike Zappe and Werner Zenglein.<\/p>\n\n\n\n<div style=\"height:54px\" aria-hidden=\"true\" class=\"wp-block-spacer\"><\/div>\n\n\n\n<hr class=\"wp-block-separator has-alpha-channel-opacity is-style-wide\"\/>\n\n\n\n<div style=\"height:54px\" aria-hidden=\"true\" class=\"wp-block-spacer\"><\/div>\n\n\n\n<figure class=\"wp-block-gallery has-nested-images columns-default is-cropped wp-block-gallery-4 is-layout-flex wp-block-gallery-is-layout-flex\">\n<figure class=\"wp-block-image size-post-thumbnail\"><img loading=\"lazy\" decoding=\"async\" width=\"800\" height=\"500\" data-attachment-id=\"12575\" data-permalink=\"https:\/\/oderbruchmuseum.de\/en\/bildersalon\/baudis_2018_landwirtschaft_fotoka-3\/\" data-orig-file=\"https:\/\/oderbruchmuseum.de\/wp-content\/uploads\/2020\/06\/Baudis_2018_Landwirtschaft_FotoKA-3.jpg\" data-orig-size=\"800,600\" data-comments-opened=\"0\" data-image-meta=\"{&quot;aperture&quot;:&quot;0&quot;,&quot;credit&quot;:&quot;&quot;,&quot;camera&quot;:&quot;&quot;,&quot;caption&quot;:&quot;&quot;,&quot;created_timestamp&quot;:&quot;0&quot;,&quot;copyright&quot;:&quot;&quot;,&quot;focal_length&quot;:&quot;0&quot;,&quot;iso&quot;:&quot;0&quot;,&quot;shutter_speed&quot;:&quot;0&quot;,&quot;title&quot;:&quot;&quot;,&quot;orientation&quot;:&quot;0&quot;}\" data-image-title=\"Baudis_2018_Landwirtschaft_FotoKA-3\" data-image-description=\"\" data-image-caption=\"\" data-large-file=\"https:\/\/oderbruchmuseum.de\/wp-content\/uploads\/2020\/06\/Baudis_2018_Landwirtschaft_FotoKA-3.jpg\" data-id=\"12575\" src=\"https:\/\/oderbruchmuseum.de\/wp-content\/uploads\/2020\/06\/Baudis_2018_Landwirtschaft_FotoKA-3-800x500.jpg\" alt=\"\" class=\"wp-image-12575\"\/><\/figure>\n\n\n\n<figure class=\"wp-block-image size-post-thumbnail\"><img loading=\"lazy\" decoding=\"async\" width=\"800\" height=\"500\" data-attachment-id=\"12574\" data-permalink=\"https:\/\/oderbruchmuseum.de\/en\/bildersalon\/baudis_2018_landwirtschaft_2_fotoss\/\" data-orig-file=\"https:\/\/oderbruchmuseum.de\/wp-content\/uploads\/2020\/06\/Baudis_2018_Landwirtschaft_2_FotoSS.jpg\" data-orig-size=\"800,600\" data-comments-opened=\"0\" data-image-meta=\"{&quot;aperture&quot;:&quot;0&quot;,&quot;credit&quot;:&quot;&quot;,&quot;camera&quot;:&quot;&quot;,&quot;caption&quot;:&quot;&quot;,&quot;created_timestamp&quot;:&quot;0&quot;,&quot;copyright&quot;:&quot;&quot;,&quot;focal_length&quot;:&quot;0&quot;,&quot;iso&quot;:&quot;0&quot;,&quot;shutter_speed&quot;:&quot;0&quot;,&quot;title&quot;:&quot;&quot;,&quot;orientation&quot;:&quot;0&quot;}\" data-image-title=\"Baudis_2018_Landwirtschaft_2_FotoSS\" data-image-description=\"\" data-image-caption=\"\" data-large-file=\"https:\/\/oderbruchmuseum.de\/wp-content\/uploads\/2020\/06\/Baudis_2018_Landwirtschaft_2_FotoSS.jpg\" data-id=\"12574\" src=\"https:\/\/oderbruchmuseum.de\/wp-content\/uploads\/2020\/06\/Baudis_2018_Landwirtschaft_2_FotoSS-800x500.jpg\" alt=\"\" class=\"wp-image-12574\"\/><\/figure>\n<\/figure>\n\n\n\n<h3 class=\"wp-block-heading\"><strong>2018 Zwischenraum - A Space Installation by Kerstin Baudis<\/strong><\/h3>\n\n\n\n<p>Inside and outside, house and landscape, poor and rich - everything is connected.<\/p>\n\n\n\n<p>For the annual theme of agriculture 2018, artist Kerstin Baudis explored the question of how land use in and around Altranft has changed the cultural landscape and the way people live together over time. She talked to people in the village, explored the landscape, did research. As a result, she used the existing furniture in the stately rooms of the castle to build walk-in interstitial spaces that reveal the loss and gain of cultural landscape dynamics.<\/p>\n\n\n\n<p>In four interventions in the castle, she addressed the various facets of manorial agriculture - from the production of wealth to poverty, flight and the present - and found opportunities for creative counterparts in the fisherman's house. Just as it was visible in the manor house that wealth was sweated out through farm labor, it was now possible to see in the farm worker's house how the silverware escaped through the black kitchen's chimney and what labor time went into a bushel of grain. Kerstin Baudis' work, however, was not primarily about social injustice; above all, it established the connection between the different parts of the museum. The outside was reflected in the inside, the inside was turned inside out. This created the perception of an in-between space.<\/p>\n\n\n\n<p>Kerstin Baudis' work was very valuable for the development of the museum. Not only did she enrich the annual theme with many interesting room installations, she also gave the museum an impulse for further courageous handling of the rooms that had been created during the time of the open-air museum. Respecting their character, but nevertheless introducing one's own questions and uses, has since succeeded in many places.<\/p>\n\n\n\n<div style=\"height:54px\" aria-hidden=\"true\" class=\"wp-block-spacer\"><\/div>\n\n\n\n<hr class=\"wp-block-separator has-alpha-channel-opacity is-style-wide\"\/>\n\n\n\n<div style=\"height:54px\" aria-hidden=\"true\" class=\"wp-block-spacer\"><\/div>\n\n\n\n<figure class=\"wp-block-gallery has-nested-images columns-default is-cropped wp-block-gallery-5 is-layout-flex wp-block-gallery-is-layout-flex\">\n<figure class=\"wp-block-image size-full\"><img loading=\"lazy\" decoding=\"async\" width=\"800\" height=\"550\" data-attachment-id=\"12581\" data-permalink=\"https:\/\/oderbruchmuseum.de\/en\/bildersalon\/kobe_gaestezimmer_2017_detail_fotoss\/\" data-orig-file=\"https:\/\/oderbruchmuseum.de\/wp-content\/uploads\/2023\/11\/Kobe_Gaestezimmer_2017_detail_FotoSS.jpg\" data-orig-size=\"800,550\" data-comments-opened=\"0\" data-image-meta=\"{&quot;aperture&quot;:&quot;0&quot;,&quot;credit&quot;:&quot;&quot;,&quot;camera&quot;:&quot;&quot;,&quot;caption&quot;:&quot;&quot;,&quot;created_timestamp&quot;:&quot;0&quot;,&quot;copyright&quot;:&quot;WerkPhoto Stefan Schick \\u0026amp; Landratsamt Seelow\/Museum Altranft&quot;,&quot;focal_length&quot;:&quot;0&quot;,&quot;iso&quot;:&quot;0&quot;,&quot;shutter_speed&quot;:&quot;0&quot;,&quot;title&quot;:&quot;&quot;,&quot;orientation&quot;:&quot;0&quot;}\" data-image-title=\"Kobe_Gaestezimmer_2017_detail_FotoSS\" data-image-description=\"\" data-image-caption=\"\" data-large-file=\"https:\/\/oderbruchmuseum.de\/wp-content\/uploads\/2023\/11\/Kobe_Gaestezimmer_2017_detail_FotoSS.jpg\" data-id=\"12581\" src=\"https:\/\/oderbruchmuseum.de\/wp-content\/uploads\/2023\/11\/Kobe_Gaestezimmer_2017_detail_FotoSS.jpg\" alt=\"\" class=\"wp-image-12581\" srcset=\"https:\/\/oderbruchmuseum.de\/wp-content\/uploads\/2023\/11\/Kobe_Gaestezimmer_2017_detail_FotoSS.jpg 800w, https:\/\/oderbruchmuseum.de\/wp-content\/uploads\/2023\/11\/Kobe_Gaestezimmer_2017_detail_FotoSS-300x206.jpg 300w, https:\/\/oderbruchmuseum.de\/wp-content\/uploads\/2023\/11\/Kobe_Gaestezimmer_2017_detail_FotoSS-768x528.jpg 768w, https:\/\/oderbruchmuseum.de\/wp-content\/uploads\/2023\/11\/Kobe_Gaestezimmer_2017_detail_FotoSS-18x12.jpg 18w\" sizes=\"auto, (max-width: 800px) 100vw, 800px\" \/><\/figure>\n\n\n\n<figure class=\"wp-block-image size-large\"><img loading=\"lazy\" decoding=\"async\" width=\"800\" height=\"600\" data-attachment-id=\"12577\" data-permalink=\"https:\/\/oderbruchmuseum.de\/en\/bildersalon\/kobe_ga%cc%88stezimmer_2017_fotoss\/\" data-orig-file=\"https:\/\/oderbruchmuseum.de\/wp-content\/uploads\/2020\/06\/Kobe_Gaestezimmer_2017_FotoSS.jpg\" data-orig-size=\"800,600\" data-comments-opened=\"0\" data-image-meta=\"{&quot;aperture&quot;:&quot;0&quot;,&quot;credit&quot;:&quot;&quot;,&quot;camera&quot;:&quot;&quot;,&quot;caption&quot;:&quot;&quot;,&quot;created_timestamp&quot;:&quot;0&quot;,&quot;copyright&quot;:&quot;WerkPhoto Stefan Schick \\u0026amp; Landratsamt Seelow\/Museum Altranft&quot;,&quot;focal_length&quot;:&quot;0&quot;,&quot;iso&quot;:&quot;0&quot;,&quot;shutter_speed&quot;:&quot;0&quot;,&quot;title&quot;:&quot;&quot;,&quot;orientation&quot;:&quot;0&quot;}\" data-image-title=\"Kobe_Ga\u0308stezimmer_2017_FotoSS\" data-image-description=\"\" data-image-caption=\"\" data-large-file=\"https:\/\/oderbruchmuseum.de\/wp-content\/uploads\/2020\/06\/Kobe_Gaestezimmer_2017_FotoSS.jpg\" data-id=\"12577\" src=\"https:\/\/oderbruchmuseum.de\/wp-content\/uploads\/2020\/06\/Kobe_Gaestezimmer_2017_FotoSS.jpg\" alt=\"\" class=\"wp-image-12577\" srcset=\"https:\/\/oderbruchmuseum.de\/wp-content\/uploads\/2020\/06\/Kobe_Gaestezimmer_2017_FotoSS.jpg 800w, https:\/\/oderbruchmuseum.de\/wp-content\/uploads\/2020\/06\/Kobe_Gaestezimmer_2017_FotoSS-300x225.jpg 300w, https:\/\/oderbruchmuseum.de\/wp-content\/uploads\/2020\/06\/Kobe_Gaestezimmer_2017_FotoSS-768x576.jpg 768w, https:\/\/oderbruchmuseum.de\/wp-content\/uploads\/2020\/06\/Kobe_Gaestezimmer_2017_FotoSS-16x12.jpg 16w\" sizes=\"auto, (max-width: 800px) 100vw, 800px\" \/><\/figure>\n<\/figure>\n\n\n\n<h3 class=\"wp-block-heading\"><strong>2017 The guest rooms. Room installation by Ellen Kobe<\/strong><\/h3>\n\n\n\n<p>Artistic interventions with works by Beate Bendel, Ingo Biermann, Ellen Kobe, Achim K\u00fchn, Coco K\u00fchn, Petra Lottje, Tanja Ostojic, Fiene Scharp, Judith Siegmund, Elisabeth Sonneck and Astrid Weichelt.<\/p>\n\n\n\n<p>From May 20 to December 2, 2017, Berlin artist Ellen Kobe presented \"DIE G\u00c4STEZIMMER\" at the Oderbruch Museum Altranft. She used the bed and chair, window and curtain, floor and table of the Wilhelminian furniture from the Charlotte von Mahlsdorf collection to lay traces that lead into the past and present of the Oderbruch. The wealth of the Altranft estate, which has melted away time and again, played a role, as did the experiences of the Altranft residents from the GDR era, when the castle was a cultural center. The experiences of the 1947 floods are reflected upon, as is the changing significance of women in the context of the manor's practice.<\/p>\n\n\n\n<p>The vernissage of the exhibition project took place on May 20, 2017 in the form of Ellen Kobe's performance \"Die Schimmelreiterin\" with the participation of actor Thomas Bading.<\/p>\n\n\n\n<div style=\"height:100px\" aria-hidden=\"true\" class=\"wp-block-spacer\"><\/div>","protected":false},"excerpt":{"rendered":"<p>Changing art exhibitions with reference to the Oderbruch region<\/p>","protected":false},"author":1,"featured_media":15607,"comment_status":"closed","ping_status":"closed","sticky":false,"template":"template-fullwidth.php","format":"standard","meta":{"inline_featured_image":false,"_jetpack_memberships_contains_paid_content":false,"footnotes":""},"categories":[45,31],"tags":[],"class_list":["post-1560","post","type-post","status-publish","format-standard","has-post-thumbnail","hentry","category-raeume","category-rundgang"],"yoast_head":"<!-- This site is optimized with the Yoast SEO plugin v27.5 - https:\/\/yoast.com\/product\/yoast-seo-wordpress\/ -->\n<title>Bildersalon - Oderbruch Museum Altranft<\/title>\n<meta name=\"robots\" content=\"index, follow, max-snippet:-1, max-image-preview:large, max-video-preview:-1\" \/>\n<link rel=\"canonical\" href=\"https:\/\/oderbruchmuseum.de\/en\/bildersalon\/\" \/>\n<meta property=\"og:locale\" content=\"en_US\" \/>\n<meta property=\"og:type\" content=\"article\" \/>\n<meta property=\"og:title\" content=\"Bildersalon - Oderbruch Museum Altranft\" \/>\n<meta property=\"og:description\" content=\"Wechselnde Kunstausstellungen mit Bezug zum Oderbruch\" \/>\n<meta property=\"og:url\" content=\"https:\/\/oderbruchmuseum.de\/en\/bildersalon\/\" \/>\n<meta property=\"og:site_name\" content=\"Oderbruch Museum Altranft\" \/>\n<meta property=\"article:publisher\" content=\"https:\/\/www.facebook.com\/oderbruchmuseum\/\" \/>\n<meta property=\"article:published_time\" content=\"2020-06-08T11:53:59+00:00\" \/>\n<meta property=\"article:modified_time\" content=\"2026-03-06T08:58:21+00:00\" \/>\n<meta property=\"og:image\" content=\"https:\/\/oderbruchmuseum.de\/wp-content\/uploads\/2020\/06\/bruecken.webp\" \/>\n\t<meta property=\"og:image:width\" content=\"1600\" \/>\n\t<meta property=\"og:image:height\" content=\"600\" \/>\n\t<meta property=\"og:image:type\" content=\"image\/webp\" \/>\n<meta name=\"author\" content=\"oderbruchmuseum\" \/>\n<meta name=\"twitter:card\" content=\"summary_large_image\" \/>\n<meta name=\"twitter:label1\" content=\"Written by\" \/>\n\t<meta name=\"twitter:data1\" content=\"oderbruchmuseum\" \/>\n\t<meta name=\"twitter:label2\" content=\"Est. reading time\" \/>\n\t<meta name=\"twitter:data2\" content=\"107 minutes\" \/>\n<script type=\"application\/ld+json\" class=\"yoast-schema-graph\">{\"@context\":\"https:\\\/\\\/schema.org\",\"@graph\":[{\"@type\":\"Article\",\"@id\":\"https:\\\/\\\/oderbruchmuseum.de\\\/bildersalon\\\/#article\",\"isPartOf\":{\"@id\":\"https:\\\/\\\/oderbruchmuseum.de\\\/bildersalon\\\/\"},\"author\":{\"name\":\"oderbruchmuseum\",\"@id\":\"https:\\\/\\\/oderbruchmuseum.de\\\/#\\\/schema\\\/person\\\/93512e3f164d102fa56fa4f3be852903\"},\"headline\":\"Bildersalon\",\"datePublished\":\"2020-06-08T11:53:59+00:00\",\"dateModified\":\"2026-03-06T08:58:21+00:00\",\"mainEntityOfPage\":{\"@id\":\"https:\\\/\\\/oderbruchmuseum.de\\\/bildersalon\\\/\"},\"wordCount\":1196,\"publisher\":{\"@id\":\"https:\\\/\\\/oderbruchmuseum.de\\\/#organization\"},\"image\":{\"@id\":\"https:\\\/\\\/oderbruchmuseum.de\\\/bildersalon\\\/#primaryimage\"},\"thumbnailUrl\":\"https:\\\/\\\/oderbruchmuseum.de\\\/wp-content\\\/uploads\\\/2020\\\/06\\\/bruecken.webp\",\"articleSection\":[\"R\u00e4ume\",\"Rundgang\"],\"inLanguage\":\"en-US\"},{\"@type\":\"WebPage\",\"@id\":\"https:\\\/\\\/oderbruchmuseum.de\\\/bildersalon\\\/\",\"url\":\"https:\\\/\\\/oderbruchmuseum.de\\\/bildersalon\\\/\",\"name\":\"Bildersalon - Oderbruch Museum Altranft\",\"isPartOf\":{\"@id\":\"https:\\\/\\\/oderbruchmuseum.de\\\/#website\"},\"primaryImageOfPage\":{\"@id\":\"https:\\\/\\\/oderbruchmuseum.de\\\/bildersalon\\\/#primaryimage\"},\"image\":{\"@id\":\"https:\\\/\\\/oderbruchmuseum.de\\\/bildersalon\\\/#primaryimage\"},\"thumbnailUrl\":\"https:\\\/\\\/oderbruchmuseum.de\\\/wp-content\\\/uploads\\\/2020\\\/06\\\/bruecken.webp\",\"datePublished\":\"2020-06-08T11:53:59+00:00\",\"dateModified\":\"2026-03-06T08:58:21+00:00\",\"breadcrumb\":{\"@id\":\"https:\\\/\\\/oderbruchmuseum.de\\\/bildersalon\\\/#breadcrumb\"},\"inLanguage\":\"en-US\",\"potentialAction\":[{\"@type\":\"ReadAction\",\"target\":[\"https:\\\/\\\/oderbruchmuseum.de\\\/bildersalon\\\/\"]}]},{\"@type\":\"ImageObject\",\"inLanguage\":\"en-US\",\"@id\":\"https:\\\/\\\/oderbruchmuseum.de\\\/bildersalon\\\/#primaryimage\",\"url\":\"https:\\\/\\\/oderbruchmuseum.de\\\/wp-content\\\/uploads\\\/2020\\\/06\\\/bruecken.webp\",\"contentUrl\":\"https:\\\/\\\/oderbruchmuseum.de\\\/wp-content\\\/uploads\\\/2020\\\/06\\\/bruecken.webp\",\"width\":1600,\"height\":600},{\"@type\":\"BreadcrumbList\",\"@id\":\"https:\\\/\\\/oderbruchmuseum.de\\\/bildersalon\\\/#breadcrumb\",\"itemListElement\":[{\"@type\":\"ListItem\",\"position\":1,\"name\":\"Startseite\",\"item\":\"https:\\\/\\\/oderbruchmuseum.de\\\/\"},{\"@type\":\"ListItem\",\"position\":2,\"name\":\"Bildersalon\"}]},{\"@type\":\"WebSite\",\"@id\":\"https:\\\/\\\/oderbruchmuseum.de\\\/#website\",\"url\":\"https:\\\/\\\/oderbruchmuseum.de\\\/\",\"name\":\"Oderbruchmuseum Altranft\",\"description\":\"Werkstatt f\u00fcr l\u00e4ndliche Kultur\",\"publisher\":{\"@id\":\"https:\\\/\\\/oderbruchmuseum.de\\\/#organization\"},\"potentialAction\":[{\"@type\":\"SearchAction\",\"target\":{\"@type\":\"EntryPoint\",\"urlTemplate\":\"https:\\\/\\\/oderbruchmuseum.de\\\/?s={search_term_string}\"},\"query-input\":{\"@type\":\"PropertyValueSpecification\",\"valueRequired\":true,\"valueName\":\"search_term_string\"}}],\"inLanguage\":\"en-US\"},{\"@type\":\"Organization\",\"@id\":\"https:\\\/\\\/oderbruchmuseum.de\\\/#organization\",\"name\":\"Oderbruchmuseum\",\"url\":\"https:\\\/\\\/oderbruchmuseum.de\\\/\",\"logo\":{\"@type\":\"ImageObject\",\"inLanguage\":\"en-US\",\"@id\":\"https:\\\/\\\/oderbruchmuseum.de\\\/#\\\/schema\\\/logo\\\/image\\\/\",\"url\":\"https:\\\/\\\/oderbruchmuseum.de\\\/wp-content\\\/uploads\\\/2020\\\/05\\\/rad-oderbruchmuseum.png\",\"contentUrl\":\"https:\\\/\\\/oderbruchmuseum.de\\\/wp-content\\\/uploads\\\/2020\\\/05\\\/rad-oderbruchmuseum.png\",\"width\":487,\"height\":451,\"caption\":\"Oderbruchmuseum\"},\"image\":{\"@id\":\"https:\\\/\\\/oderbruchmuseum.de\\\/#\\\/schema\\\/logo\\\/image\\\/\"},\"sameAs\":[\"https:\\\/\\\/www.facebook.com\\\/oderbruchmuseum\\\/\",\"https:\\\/\\\/www.instagram.com\\\/oderbruchmuseum\\\/\"]},{\"@type\":\"Person\",\"@id\":\"https:\\\/\\\/oderbruchmuseum.de\\\/#\\\/schema\\\/person\\\/93512e3f164d102fa56fa4f3be852903\",\"name\":\"oderbruchmuseum\",\"image\":{\"@type\":\"ImageObject\",\"inLanguage\":\"en-US\",\"@id\":\"https:\\\/\\\/secure.gravatar.com\\\/avatar\\\/4cb85b2fcffa9ea28f25b7fb4c0f736311c2de7d30be78953131dbbd284af8bf?s=96&d=mm&r=g\",\"url\":\"https:\\\/\\\/secure.gravatar.com\\\/avatar\\\/4cb85b2fcffa9ea28f25b7fb4c0f736311c2de7d30be78953131dbbd284af8bf?s=96&d=mm&r=g\",\"contentUrl\":\"https:\\\/\\\/secure.gravatar.com\\\/avatar\\\/4cb85b2fcffa9ea28f25b7fb4c0f736311c2de7d30be78953131dbbd284af8bf?s=96&d=mm&r=g\",\"caption\":\"oderbruchmuseum\"},\"url\":\"https:\\\/\\\/oderbruchmuseum.de\\\/en\\\/author\\\/marenbuhmann\\\/\"}]}<\/script>\n<!-- \/ Yoast SEO plugin. -->","yoast_head_json":{"title":"Picture salon - Oderbruch Museum Altranft","robots":{"index":"index","follow":"follow","max-snippet":"max-snippet:-1","max-image-preview":"max-image-preview:large","max-video-preview":"max-video-preview:-1"},"canonical":"https:\/\/oderbruchmuseum.de\/en\/bildersalon\/","og_locale":"en_US","og_type":"article","og_title":"Bildersalon - Oderbruch Museum Altranft","og_description":"Wechselnde Kunstausstellungen mit Bezug zum Oderbruch","og_url":"https:\/\/oderbruchmuseum.de\/en\/bildersalon\/","og_site_name":"Oderbruch Museum Altranft","article_publisher":"https:\/\/www.facebook.com\/oderbruchmuseum\/","article_published_time":"2020-06-08T11:53:59+00:00","article_modified_time":"2026-03-06T08:58:21+00:00","og_image":[{"width":1600,"height":600,"url":"https:\/\/oderbruchmuseum.de\/wp-content\/uploads\/2020\/06\/bruecken.webp","type":"image\/webp"}],"author":"oderbruchmuseum","twitter_card":"summary_large_image","twitter_misc":{"Written by":"oderbruchmuseum","Est. reading time":"107 minutes"},"schema":{"@context":"https:\/\/schema.org","@graph":[{"@type":"Article","@id":"https:\/\/oderbruchmuseum.de\/bildersalon\/#article","isPartOf":{"@id":"https:\/\/oderbruchmuseum.de\/bildersalon\/"},"author":{"name":"oderbruchmuseum","@id":"https:\/\/oderbruchmuseum.de\/#\/schema\/person\/93512e3f164d102fa56fa4f3be852903"},"headline":"Bildersalon","datePublished":"2020-06-08T11:53:59+00:00","dateModified":"2026-03-06T08:58:21+00:00","mainEntityOfPage":{"@id":"https:\/\/oderbruchmuseum.de\/bildersalon\/"},"wordCount":1196,"publisher":{"@id":"https:\/\/oderbruchmuseum.de\/#organization"},"image":{"@id":"https:\/\/oderbruchmuseum.de\/bildersalon\/#primaryimage"},"thumbnailUrl":"https:\/\/oderbruchmuseum.de\/wp-content\/uploads\/2020\/06\/bruecken.webp","articleSection":["R\u00e4ume","Rundgang"],"inLanguage":"en-US"},{"@type":"WebPage","@id":"https:\/\/oderbruchmuseum.de\/bildersalon\/","url":"https:\/\/oderbruchmuseum.de\/bildersalon\/","name":"Picture salon - Oderbruch Museum Altranft","isPartOf":{"@id":"https:\/\/oderbruchmuseum.de\/#website"},"primaryImageOfPage":{"@id":"https:\/\/oderbruchmuseum.de\/bildersalon\/#primaryimage"},"image":{"@id":"https:\/\/oderbruchmuseum.de\/bildersalon\/#primaryimage"},"thumbnailUrl":"https:\/\/oderbruchmuseum.de\/wp-content\/uploads\/2020\/06\/bruecken.webp","datePublished":"2020-06-08T11:53:59+00:00","dateModified":"2026-03-06T08:58:21+00:00","breadcrumb":{"@id":"https:\/\/oderbruchmuseum.de\/bildersalon\/#breadcrumb"},"inLanguage":"en-US","potentialAction":[{"@type":"ReadAction","target":["https:\/\/oderbruchmuseum.de\/bildersalon\/"]}]},{"@type":"ImageObject","inLanguage":"en-US","@id":"https:\/\/oderbruchmuseum.de\/bildersalon\/#primaryimage","url":"https:\/\/oderbruchmuseum.de\/wp-content\/uploads\/2020\/06\/bruecken.webp","contentUrl":"https:\/\/oderbruchmuseum.de\/wp-content\/uploads\/2020\/06\/bruecken.webp","width":1600,"height":600},{"@type":"BreadcrumbList","@id":"https:\/\/oderbruchmuseum.de\/bildersalon\/#breadcrumb","itemListElement":[{"@type":"ListItem","position":1,"name":"Startseite","item":"https:\/\/oderbruchmuseum.de\/"},{"@type":"ListItem","position":2,"name":"Bildersalon"}]},{"@type":"WebSite","@id":"https:\/\/oderbruchmuseum.de\/#website","url":"https:\/\/oderbruchmuseum.de\/","name":"Oderbruch Museum Altranft","description":"Rural culture workshop","publisher":{"@id":"https:\/\/oderbruchmuseum.de\/#organization"},"potentialAction":[{"@type":"SearchAction","target":{"@type":"EntryPoint","urlTemplate":"https:\/\/oderbruchmuseum.de\/?s={search_term_string}"},"query-input":{"@type":"PropertyValueSpecification","valueRequired":true,"valueName":"search_term_string"}}],"inLanguage":"en-US"},{"@type":"Organization","@id":"https:\/\/oderbruchmuseum.de\/#organization","name":"Oderbruch Museum","url":"https:\/\/oderbruchmuseum.de\/","logo":{"@type":"ImageObject","inLanguage":"en-US","@id":"https:\/\/oderbruchmuseum.de\/#\/schema\/logo\/image\/","url":"https:\/\/oderbruchmuseum.de\/wp-content\/uploads\/2020\/05\/rad-oderbruchmuseum.png","contentUrl":"https:\/\/oderbruchmuseum.de\/wp-content\/uploads\/2020\/05\/rad-oderbruchmuseum.png","width":487,"height":451,"caption":"Oderbruchmuseum"},"image":{"@id":"https:\/\/oderbruchmuseum.de\/#\/schema\/logo\/image\/"},"sameAs":["https:\/\/www.facebook.com\/oderbruchmuseum\/","https:\/\/www.instagram.com\/oderbruchmuseum\/"]},{"@type":"Person","@id":"https:\/\/oderbruchmuseum.de\/#\/schema\/person\/93512e3f164d102fa56fa4f3be852903","name":"or fracture museum","image":{"@type":"ImageObject","inLanguage":"en-US","@id":"https:\/\/secure.gravatar.com\/avatar\/4cb85b2fcffa9ea28f25b7fb4c0f736311c2de7d30be78953131dbbd284af8bf?s=96&d=mm&r=g","url":"https:\/\/secure.gravatar.com\/avatar\/4cb85b2fcffa9ea28f25b7fb4c0f736311c2de7d30be78953131dbbd284af8bf?s=96&d=mm&r=g","contentUrl":"https:\/\/secure.gravatar.com\/avatar\/4cb85b2fcffa9ea28f25b7fb4c0f736311c2de7d30be78953131dbbd284af8bf?s=96&d=mm&r=g","caption":"oderbruchmuseum"},"url":"https:\/\/oderbruchmuseum.de\/en\/author\/marenbuhmann\/"}]}},"jetpack_featured_media_url":"https:\/\/oderbruchmuseum.de\/wp-content\/uploads\/2020\/06\/bruecken.webp","jetpack_sharing_enabled":true,"_links":{"self":[{"href":"https:\/\/oderbruchmuseum.de\/en\/wp-json\/wp\/v2\/posts\/1560","targetHints":{"allow":["GET"]}}],"collection":[{"href":"https:\/\/oderbruchmuseum.de\/en\/wp-json\/wp\/v2\/posts"}],"about":[{"href":"https:\/\/oderbruchmuseum.de\/en\/wp-json\/wp\/v2\/types\/post"}],"author":[{"embeddable":true,"href":"https:\/\/oderbruchmuseum.de\/en\/wp-json\/wp\/v2\/users\/1"}],"replies":[{"embeddable":true,"href":"https:\/\/oderbruchmuseum.de\/en\/wp-json\/wp\/v2\/comments?post=1560"}],"version-history":[{"count":4,"href":"https:\/\/oderbruchmuseum.de\/en\/wp-json\/wp\/v2\/posts\/1560\/revisions"}],"predecessor-version":[{"id":15612,"href":"https:\/\/oderbruchmuseum.de\/en\/wp-json\/wp\/v2\/posts\/1560\/revisions\/15612"}],"wp:featuredmedia":[{"embeddable":true,"href":"https:\/\/oderbruchmuseum.de\/en\/wp-json\/wp\/v2\/media\/15607"}],"wp:attachment":[{"href":"https:\/\/oderbruchmuseum.de\/en\/wp-json\/wp\/v2\/media?parent=1560"}],"wp:term":[{"taxonomy":"category","embeddable":true,"href":"https:\/\/oderbruchmuseum.de\/en\/wp-json\/wp\/v2\/categories?post=1560"},{"taxonomy":"post_tag","embeddable":true,"href":"https:\/\/oderbruchmuseum.de\/en\/wp-json\/wp\/v2\/tags?post=1560"}],"curies":[{"name":"wp","href":"https:\/\/api.w.org\/{rel}","templated":true}]}}